{"id":11758,"date":"2017-11-15T10:30:58","date_gmt":"2017-11-15T10:30:58","guid":{"rendered":"http:\/\/www.seafarers.ca\/?p=11758\/"},"modified":"2021-07-30T09:28:51","modified_gmt":"2021-07-30T09:28:51","slug":"greg-wells-fier-marin-canadien-pendant-plus-de-37-ans","status":"publish","type":"post","link":"https:\/\/seafarers.ca\/fr\/greg-wells-fier-marin-canadien-pendant-plus-de-37-ans\/","title":{"rendered":"Greg Wells : fier marin canadien pendant plus de 37 ans"},"content":{"rendered":"<p><em><strong>\u00ab J\u2019aime vraiment la vie sur les navires. C\u2019est difficile \u00e0 expliquer, mais quand j\u2019y \u00e9tais, j\u2019avais cette impression\u2026 comme si c\u2019\u00e9tait mon destin de m\u2019y retrouver. C\u2019\u00e9tait une vie tr\u00e8s enrichissante. J\u2019aimais tellement mon travail. \u00bb<\/strong><\/em><!--more--><\/p>\n<p>&nbsp;<\/p>\n<p>Voici Greg Wells, marin accompli et membre du SIM du Canada pendant plus de 37 ans. Avec ses d\u00e9cennies de service d\u00e9vou\u00e9 et d\u2019engagement envers son \u00e9quipe, Greg est le mod\u00e8le par excellence de ce que cela repr\u00e9sente d\u2019\u00eatre marin au Canada.<\/p>\n<p>&nbsp;<\/p>\n<p>N\u00e9 \u00e0 Terre-Neuve, le premier emploi de Greg sur l\u2019eau \u00e9tait sur un bateau de p\u00eache aux homards. Issu d\u2019une grande famille de marins, Greg a toujours su que son destin \u00e9tait de poursuivre une carri\u00e8re maritime. La sienne a commenc\u00e9 le 21 mai 1978 \u00e0 l\u2019\u00e2ge de 16 ans, alors qu\u2019il a fait ses d\u00e9buts en tant que second cuisinier car il \u00e9tait trop jeune pour travailler sur le pont du navire. Progressivement, il est devenu matelot de pont, puis \u00e9ventuellement un marin comp\u00e9tent \u00e0 bord de nombreux navires canadiens.<\/p>\n<p>&nbsp;<\/p>\n<p>Au fil des ans, Greg a acquis tout un monde d\u2019exp\u00e9rience, voyant une bonne partie des Grands Lacs, des Maritimes, du nord de l\u2019Ontario et des \u00c9tats-Unis.<\/p>\n<p>&nbsp;<\/p>\n<p>Greg sait que la carri\u00e8re de marin est une source de fiert\u00e9 et il encourage les jeunes \u00e0 la consid\u00e9rer. <em><strong>\u00ab C\u2019est un emploi extraordinaire pour les jeunes aujourd\u2019hui. Le salaire est int\u00e9ressant, il n\u2019y a pas de d\u00e9placements impliqu\u00e9s pour se rendre au travail chaque matin, et ils peuvent profiter de longues pauses en hiver pour passer du temps de qualit\u00e9 en famille. \u00bb<\/strong><\/em><\/p>\n<p>&nbsp;<\/p>\n<p>La vie \u00e0 bord d\u2019un navire s\u2019est modernis\u00e9e depuis que Greg a commenc\u00e9 sa carri\u00e8re. <em><strong>\u00ab Vous deviez utiliser des t\u00e9l\u00e9phones payants \u00e0 l\u2019\u00e9poque et beaucoup de temps s\u2019\u00e9coulait avant que vous puissiez parler \u00e0 votre famille. Maintenant, avec des choses comme le WiFi, les r\u00e9seaux sociaux et les t\u00e9l\u00e9phones \u00e0 bord des bateaux, c\u2019est merveilleux. \u00bb<\/strong><\/em><\/p>\n<p>&nbsp;<\/p>\n<p>Greg a \u00e9t\u00e9 un atout important pour le SIM durant de nombreuses ann\u00e9es. Il a \u00e9t\u00e9 aux premi\u00e8res lignes pour la d\u00e9fense des int\u00e9r\u00eats de notre industrie canadienne lors des n\u00e9gociations du CETA et n\u2019a pas manqu\u00e9 une seule manifestation. \u00ab C\u2019est mon gagne-pain et je veux contribuer \u00e0 sa protection. Si nous ne prot\u00e9geons pas nos emplois, personne ne le fera. <em><strong>\u00ab C\u2019est gr\u00e2ce \u00e0 des membres d\u00e9vou\u00e9s comme Greg que le SIM du Canada a r\u00e9ussi ce combat.\u00a0\u00bb<\/strong><\/em><\/p>\n<p>&nbsp;<\/p>\n<p>Greg Wells illustre bien la grande fiert\u00e9 des marins canadiens, qui sont vraiment passionn\u00e9s par leur m\u00e9tier. Merci, Greg, pour vos ann\u00e9es de travail acharn\u00e9 et de d\u00e9vouement.<\/p>\n","protected":false},"excerpt":{"rendered":"<p>\u00ab J\u2019aime vraiment la vie sur les navires. C\u2019est difficile \u00e0 expliquer, mais quand j\u2019y \u00e9tais, j\u2019avais cette impression\u2026 comme si c\u2019\u00e9tait mon destin de m\u2019y retrouver. C\u2019\u00e9tait une vie tr\u00e8s enrichissante. J\u2019aimais tellement mon travail. \u00bb<\/p>\n","protected":false},"author":28,"featured_media":0,"comment_status":"closed","ping_status":"closed","sticky":false,"template":"","format":"standard","meta":{"_acf_changed":false,"footnotes":""},"categories":[66],"tags":[],"class_list":["post-11758","post","type-post","status-publish","format-standard","hentry","category-histoires-de-marins"],"acf":[],"yoast_head":"<!-- This site is optimized with the Yoast SEO plugin v27.5 - https:\/\/yoast.com\/product\/yoast-seo-wordpress\/ -->\n<title>Greg Wells : fier marin canadien pendant plus de 37 ans - www.Seafarers.ca<\/title>\n<meta name=\"robots\" content=\"index, follow, max-snippet:-1, max-image-preview:large, max-video-preview:-1\" \/>\n<link rel=\"canonical\" href=\"https:\/\/seafarers.ca\/fr\/greg-wells-fier-marin-canadien-pendant-plus-de-37-ans\/\" \/>\n<meta property=\"og:locale\" content=\"fr_CA\" \/>\n<meta property=\"og:type\" content=\"article\" \/>\n<meta property=\"og:title\" content=\"Greg Wells : fier marin canadien pendant plus de 37 ans - www.Seafarers.ca\" \/>\n<meta property=\"og:description\" content=\"\u00ab J\u2019aime vraiment la vie sur les navires. C\u2019est difficile \u00e0 expliquer, mais quand j\u2019y \u00e9tais, j\u2019avais cette impression\u2026 comme si c\u2019\u00e9tait mon destin de m\u2019y retrouver. C\u2019\u00e9tait une vie tr\u00e8s enrichissante. J\u2019aimais tellement mon travail. \u00bb\" \/>\n<meta property=\"og:url\" content=\"https:\/\/seafarers.ca\/fr\/greg-wells-fier-marin-canadien-pendant-plus-de-37-ans\/\" \/>\n<meta property=\"og:site_name\" content=\"www.Seafarers.ca\" \/>\n<meta property=\"article:published_time\" content=\"2017-11-15T10:30:58+00:00\" \/>\n<meta property=\"article:modified_time\" content=\"2021-07-30T09:28:51+00:00\" \/>\n<meta name=\"author\" content=\"SFadmin\" \/>\n<meta name=\"twitter:card\" content=\"summary_large_image\" \/>\n<meta name=\"twitter:label1\" content=\"\u00c9crit par\" \/>\n\t<meta name=\"twitter:data1\" content=\"SFadmin\" \/>\n\t<meta name=\"twitter:label2\" content=\"Estimation du temps de lecture\" \/>\n\t<meta name=\"twitter:data2\" content=\"2 minutes\" \/>\n<script type=\"application\/ld+json\" class=\"yoast-schema-graph\">{\"@context\":\"https:\\\/\\\/schema.org\",\"@graph\":[{\"@type\":\"Article\",\"@id\":\"https:\\\/\\\/seafarers.ca\\\/fr\\\/greg-wells-fier-marin-canadien-pendant-plus-de-37-ans\\\/#article\",\"isPartOf\":{\"@id\":\"https:\\\/\\\/seafarers.ca\\\/fr\\\/greg-wells-fier-marin-canadien-pendant-plus-de-37-ans\\\/\"},\"author\":{\"name\":\"SFadmin\",\"@id\":\"https:\\\/\\\/seafarers.ca\\\/#\\\/schema\\\/person\\\/45fa29e4878fea3b0c7e9d6d21031ce1\"},\"headline\":\"Greg Wells : fier marin canadien pendant plus de 37 ans\",\"datePublished\":\"2017-11-15T10:30:58+00:00\",\"dateModified\":\"2021-07-30T09:28:51+00:00\",\"mainEntityOfPage\":{\"@id\":\"https:\\\/\\\/seafarers.ca\\\/fr\\\/greg-wells-fier-marin-canadien-pendant-plus-de-37-ans\\\/\"},\"wordCount\":484,\"articleSection\":[\"Histoires de marins\"],\"inLanguage\":\"fr-CA\"},{\"@type\":\"WebPage\",\"@id\":\"https:\\\/\\\/seafarers.ca\\\/fr\\\/greg-wells-fier-marin-canadien-pendant-plus-de-37-ans\\\/\",\"url\":\"https:\\\/\\\/seafarers.ca\\\/fr\\\/greg-wells-fier-marin-canadien-pendant-plus-de-37-ans\\\/\",\"name\":\"Greg Wells : fier marin canadien pendant plus de 37 ans - www.Seafarers.ca\",\"isPartOf\":{\"@id\":\"https:\\\/\\\/seafarers.ca\\\/#website\"},\"datePublished\":\"2017-11-15T10:30:58+00:00\",\"dateModified\":\"2021-07-30T09:28:51+00:00\",\"author\":{\"@id\":\"https:\\\/\\\/seafarers.ca\\\/#\\\/schema\\\/person\\\/45fa29e4878fea3b0c7e9d6d21031ce1\"},\"breadcrumb\":{\"@id\":\"https:\\\/\\\/seafarers.ca\\\/fr\\\/greg-wells-fier-marin-canadien-pendant-plus-de-37-ans\\\/#breadcrumb\"},\"inLanguage\":\"fr-CA\",\"potentialAction\":[{\"@type\":\"ReadAction\",\"target\":[\"https:\\\/\\\/seafarers.ca\\\/fr\\\/greg-wells-fier-marin-canadien-pendant-plus-de-37-ans\\\/\"]}]},{\"@type\":\"BreadcrumbList\",\"@id\":\"https:\\\/\\\/seafarers.ca\\\/fr\\\/greg-wells-fier-marin-canadien-pendant-plus-de-37-ans\\\/#breadcrumb\",\"itemListElement\":[{\"@type\":\"ListItem\",\"position\":1,\"name\":\"Home\",\"item\":\"https:\\\/\\\/seafarers.ca\\\/fr\\\/\"},{\"@type\":\"ListItem\",\"position\":2,\"name\":\"Greg Wells : fier marin canadien pendant plus de 37 ans\"}]},{\"@type\":\"WebSite\",\"@id\":\"https:\\\/\\\/seafarers.ca\\\/#website\",\"url\":\"https:\\\/\\\/seafarers.ca\\\/\",\"name\":\"www.Seafarers.ca\",\"description\":\"Syndicat International des Marins Canadiens\",\"potentialAction\":[{\"@type\":\"SearchAction\",\"target\":{\"@type\":\"EntryPoint\",\"urlTemplate\":\"https:\\\/\\\/seafarers.ca\\\/?s={search_term_string}\"},\"query-input\":{\"@type\":\"PropertyValueSpecification\",\"valueRequired\":true,\"valueName\":\"search_term_string\"}}],\"inLanguage\":\"fr-CA\"},{\"@type\":\"Person\",\"@id\":\"https:\\\/\\\/seafarers.ca\\\/#\\\/schema\\\/person\\\/45fa29e4878fea3b0c7e9d6d21031ce1\",\"name\":\"SFadmin\",\"image\":{\"@type\":\"ImageObject\",\"inLanguage\":\"fr-CA\",\"@id\":\"https:\\\/\\\/secure.gravatar.com\\\/avatar\\\/3a26fc19e9d82385ff4f85e2e2763841f79cdad306e100d09589b1d718717a4e?s=96&r=g\",\"url\":\"https:\\\/\\\/secure.gravatar.com\\\/avatar\\\/3a26fc19e9d82385ff4f85e2e2763841f79cdad306e100d09589b1d718717a4e?s=96&r=g\",\"contentUrl\":\"https:\\\/\\\/secure.gravatar.com\\\/avatar\\\/3a26fc19e9d82385ff4f85e2e2763841f79cdad306e100d09589b1d718717a4e?s=96&r=g\",\"caption\":\"SFadmin\"},\"url\":\"https:\\\/\\\/seafarers.ca\\\/fr\\\/author\\\/sfadmin\\\/\"}]}<\/script>\n<!-- \/ Yoast SEO plugin. -->","yoast_head_json":{"title":"Greg Wells : fier marin canadien pendant plus de 37 ans - www.Seafarers.ca","robots":{"index":"index","follow":"follow","max-snippet":"max-snippet:-1","max-image-preview":"max-image-preview:large","max-video-preview":"max-video-preview:-1"},"canonical":"https:\/\/seafarers.ca\/fr\/greg-wells-fier-marin-canadien-pendant-plus-de-37-ans\/","og_locale":"fr_CA","og_type":"article","og_title":"Greg Wells : fier marin canadien pendant plus de 37 ans - www.Seafarers.ca","og_description":"\u00ab J\u2019aime vraiment la vie sur les navires. C\u2019est difficile \u00e0 expliquer, mais quand j\u2019y \u00e9tais, j\u2019avais cette impression\u2026 comme si c\u2019\u00e9tait mon destin de m\u2019y retrouver. C\u2019\u00e9tait une vie tr\u00e8s enrichissante. J\u2019aimais tellement mon travail. \u00bb","og_url":"https:\/\/seafarers.ca\/fr\/greg-wells-fier-marin-canadien-pendant-plus-de-37-ans\/","og_site_name":"www.Seafarers.ca","article_published_time":"2017-11-15T10:30:58+00:00","article_modified_time":"2021-07-30T09:28:51+00:00","author":"SFadmin","twitter_card":"summary_large_image","twitter_misc":{"\u00c9crit par":"SFadmin","Estimation du temps de lecture":"2 minutes"},"schema":{"@context":"https:\/\/schema.org","@graph":[{"@type":"Article","@id":"https:\/\/seafarers.ca\/fr\/greg-wells-fier-marin-canadien-pendant-plus-de-37-ans\/#article","isPartOf":{"@id":"https:\/\/seafarers.ca\/fr\/greg-wells-fier-marin-canadien-pendant-plus-de-37-ans\/"},"author":{"name":"SFadmin","@id":"https:\/\/seafarers.ca\/#\/schema\/person\/45fa29e4878fea3b0c7e9d6d21031ce1"},"headline":"Greg Wells : fier marin canadien pendant plus de 37 ans","datePublished":"2017-11-15T10:30:58+00:00","dateModified":"2021-07-30T09:28:51+00:00","mainEntityOfPage":{"@id":"https:\/\/seafarers.ca\/fr\/greg-wells-fier-marin-canadien-pendant-plus-de-37-ans\/"},"wordCount":484,"articleSection":["Histoires de marins"],"inLanguage":"fr-CA"},{"@type":"WebPage","@id":"https:\/\/seafarers.ca\/fr\/greg-wells-fier-marin-canadien-pendant-plus-de-37-ans\/","url":"https:\/\/seafarers.ca\/fr\/greg-wells-fier-marin-canadien-pendant-plus-de-37-ans\/","name":"Greg Wells : fier marin canadien pendant plus de 37 ans - www.Seafarers.ca","isPartOf":{"@id":"https:\/\/seafarers.ca\/#website"},"datePublished":"2017-11-15T10:30:58+00:00","dateModified":"2021-07-30T09:28:51+00:00","author":{"@id":"https:\/\/seafarers.ca\/#\/schema\/person\/45fa29e4878fea3b0c7e9d6d21031ce1"},"breadcrumb":{"@id":"https:\/\/seafarers.ca\/fr\/greg-wells-fier-marin-canadien-pendant-plus-de-37-ans\/#breadcrumb"},"inLanguage":"fr-CA","potentialAction":[{"@type":"ReadAction","target":["https:\/\/seafarers.ca\/fr\/greg-wells-fier-marin-canadien-pendant-plus-de-37-ans\/"]}]},{"@type":"BreadcrumbList","@id":"https:\/\/seafarers.ca\/fr\/greg-wells-fier-marin-canadien-pendant-plus-de-37-ans\/#breadcrumb","itemListElement":[{"@type":"ListItem","position":1,"name":"Home","item":"https:\/\/seafarers.ca\/fr\/"},{"@type":"ListItem","position":2,"name":"Greg Wells : fier marin canadien pendant plus de 37 ans"}]},{"@type":"WebSite","@id":"https:\/\/seafarers.ca\/#website","url":"https:\/\/seafarers.ca\/","name":"www.Seafarers.ca","description":"Syndicat International des Marins Canadiens","potentialAction":[{"@type":"SearchAction","target":{"@type":"EntryPoint","urlTemplate":"https:\/\/seafarers.ca\/?s={search_term_string}"},"query-input":{"@type":"PropertyValueSpecification","valueRequired":true,"valueName":"search_term_string"}}],"inLanguage":"fr-CA"},{"@type":"Person","@id":"https:\/\/seafarers.ca\/#\/schema\/person\/45fa29e4878fea3b0c7e9d6d21031ce1","name":"SFadmin","image":{"@type":"ImageObject","inLanguage":"fr-CA","@id":"https:\/\/secure.gravatar.com\/avatar\/3a26fc19e9d82385ff4f85e2e2763841f79cdad306e100d09589b1d718717a4e?s=96&r=g","url":"https:\/\/secure.gravatar.com\/avatar\/3a26fc19e9d82385ff4f85e2e2763841f79cdad306e100d09589b1d718717a4e?s=96&r=g","contentUrl":"https:\/\/secure.gravatar.com\/avatar\/3a26fc19e9d82385ff4f85e2e2763841f79cdad306e100d09589b1d718717a4e?s=96&r=g","caption":"SFadmin"},"url":"https:\/\/seafarers.ca\/fr\/author\/sfadmin\/"}]}},"_links":{"self":[{"href":"https:\/\/seafarers.ca\/fr\/wp-json\/wp\/v2\/posts\/11758","targetHints":{"allow":["GET"]}}],"collection":[{"href":"https:\/\/seafarers.ca\/fr\/wp-json\/wp\/v2\/posts"}],"about":[{"href":"https:\/\/seafarers.ca\/fr\/wp-json\/wp\/v2\/types\/post"}],"author":[{"embeddable":true,"href":"https:\/\/seafarers.ca\/fr\/wp-json\/wp\/v2\/users\/28"}],"replies":[{"embeddable":true,"href":"https:\/\/seafarers.ca\/fr\/wp-json\/wp\/v2\/comments?post=11758"}],"version-history":[{"count":5,"href":"https:\/\/seafarers.ca\/fr\/wp-json\/wp\/v2\/posts\/11758\/revisions"}],"predecessor-version":[{"id":16472,"href":"https:\/\/seafarers.ca\/fr\/wp-json\/wp\/v2\/posts\/11758\/revisions\/16472"}],"wp:attachment":[{"href":"https:\/\/seafarers.ca\/fr\/wp-json\/wp\/v2\/media?parent=11758"}],"wp:term":[{"taxonomy":"category","embeddable":true,"href":"https:\/\/seafarers.ca\/fr\/wp-json\/wp\/v2\/categories?post=11758"},{"taxonomy":"post_tag","embeddable":true,"href":"https:\/\/seafarers.ca\/fr\/wp-json\/wp\/v2\/tags?post=11758"}],"curies":[{"name":"wp","href":"https:\/\/api.w.org\/{rel}","templated":true}]}}