{"id":17120,"date":"2022-12-16T09:00:21","date_gmt":"2022-12-16T14:00:21","guid":{"rendered":"https:\/\/seafarers.ca\/?p=17120"},"modified":"2022-12-13T14:07:15","modified_gmt":"2022-12-13T19:07:15","slug":"le-syndicat-international-des-marins-canadiens-elit-un-nouveau-conseil-executif","status":"publish","type":"post","link":"https:\/\/seafarers.ca\/fr\/le-syndicat-international-des-marins-canadiens-elit-un-nouveau-conseil-executif\/","title":{"rendered":"Le Syndicat International des Marins Canadiens \u00e9lit un nouveau conseil ex\u00e9cutif"},"content":{"rendered":"<p>POUR DIFFUSION IMM\u00c9DIATE<\/p>\n<p><strong>MONTR\u00c9AL, QC<\/strong> \u2013 Le Syndicat international des marins canadiens (SIMC) a annonc\u00e9 aujourd&rsquo;hui que sa p\u00e9riode de vote est maintenant termin\u00e9e et qu&rsquo;un nouveau conseil ex\u00e9cutif a \u00e9t\u00e9 \u00e9lu. Cela inclut notamment l&rsquo;\u00e9lection d&rsquo;un nouveau pr\u00e9sident du Syndicat suite au d\u00e9part \u00e0 la retraite de l&rsquo;ancien pr\u00e9sident du SIMC, James Given. Les noms et les postes des personnes \u00e9lues sont comme suit\u00a0:<\/p>\n<p><strong>PR\u00c9SIDENT<\/strong>, Mr. Michael Given<\/p>\n<p><strong>VICE-PR\u00c9SIDENT EX\u00c9CUTIF<\/strong>, Mr. Charles Etienne-Aubry<\/p>\n<p><strong>SECR\u00c9TAIRE-TR\u00c9SORIER<\/strong>, Mr. Chris Given<\/p>\n<p><strong>VICE-PR\u00c9SIDENT, ST-LAURENT ET C\u00d4TE EST<\/strong>, Mr. Vincent Giannopoulos<\/p>\n<p><strong>VICE-PR\u00c9SIDENT, GRANDS LACS ET C\u00d4TE OUEST<\/strong>, Mr. Josh Sanders<\/p>\n<p>Le conseil ex\u00e9cutif anticipe avec enthousiasme les quatre prochaines ann\u00e9es de son mandat et remercie les membres du SIMC d&rsquo;avoir fait confiance \u00e0 leur \u00e9quipe. Les objectifs du conseil ex\u00e9cutif nouvellement \u00e9lu incluent la croissance du Syndicat pour aider \u00e0 faire face aux p\u00e9nuries de main-d&rsquo;\u0153uvre dans le secteur et la poursuite du travail du Syndicat pour s&rsquo;assurer que les voix des marins \u00e0 travers le Canada sont ad\u00e9quatement repr\u00e9sent\u00e9es et d\u00e9fendues.<\/p>\n<blockquote><p>\u00ab\u00a0C&rsquo;est une p\u00e9riode passionnante pour notre Syndicat et nous sommes impatients de continuer notre lutte pour les marins canadiens face \u00e0 tout obstacle. Il est essentiel que nos membres restent bien repr\u00e9sent\u00e9s par le biais des contrats \u00e0 l&rsquo;avant-garde de l&rsquo;industrie et que le SIMC continue d&rsquo;\u00eatre le principal porte-parole des travailleurs du secteur maritime au Canada\u00a0\u00bb, a d\u00e9clar\u00e9 le pr\u00e9sident nouvellement \u00e9lu du SIMC, Mike Given.<\/p><\/blockquote>\n<p><strong>\u00c0 propos du SIMC : <\/strong><em>Le Syndicat international des marins canadiens (SIMC) est affili\u00e9 au Seafarers\u2019 International Union of North America et sert les marins non brevet\u00e9s depuis 1938. Le SIMC repr\u00e9sente les marins qui travaillent \u00e0 bord de navires sur les Grands Lacs, le fleuve Saint-Laurent, la C\u00f4te Est et la C\u00f4te Ouest depuis 1954. Les membres du SIMC ont la r\u00e9putation d\u2019\u00eatre parmi les marins les mieux form\u00e9s et les plus qualifi\u00e9s du monde. Le SIMC repr\u00e9sente des milliers de marins canadiens qualifi\u00e9s aux quatre coins du Canada.<\/em><\/p>\n<p style=\"text-align: center;\">###<\/p>\n<p>&nbsp;<\/p>\n<p>SOURCE : Syndicat international des marins canadiens<\/p>\n<p>Liens connexes :<\/p>\n<p><a href=\"http:\/\/www.seafarers.ca\">www.seafarers.ca <\/a><\/p>\n<p>&nbsp;<\/p>\n<p><strong>Contact m\u00e9dias : <\/strong><\/p>\n<p>Service des communications du SIMC<\/p>\n<p><a href=\"mailto:comms@seafarers.ca\">comms@seafarers.ca<\/a><\/p>\n","protected":false},"excerpt":{"rendered":"<p>POUR DIFFUSION IMM\u00c9DIATE MONTR\u00c9AL, QC \u2013 Le Syndicat international des marins canadiens (SIMC) a annonc\u00e9 aujourd&rsquo;hui que sa p\u00e9riode de vote est maintenant termin\u00e9e et qu&rsquo;un nouveau conseil ex\u00e9cutif a \u00e9t\u00e9 \u00e9lu. Cela inclut notamment l&rsquo;\u00e9lection d&rsquo;un nouveau pr\u00e9sident du Syndicat suite au d\u00e9part \u00e0 la retraite de l&rsquo;ancien pr\u00e9sident du SIMC, James Given. Les [&hellip;]<\/p>\n","protected":false},"author":28,"featured_media":0,"comment_status":"closed","ping_status":"closed","sticky":false,"template":"","format":"standard","meta":{"_acf_changed":false,"footnotes":""},"categories":[28],"tags":[],"class_list":["post-17120","post","type-post","status-publish","format-standard","hentry","category-actualites-evenements"],"acf":[],"yoast_head":"<!-- This site is optimized with the Yoast SEO plugin v27.4 - https:\/\/yoast.com\/product\/yoast-seo-wordpress\/ -->\n<title>Le Syndicat International des Marins Canadiens \u00e9lit un nouveau conseil ex\u00e9cutif - www.Seafarers.ca<\/title>\n<meta name=\"robots\" content=\"index, follow, max-snippet:-1, max-image-preview:large, max-video-preview:-1\" \/>\n<link rel=\"canonical\" href=\"https:\/\/seafarers.ca\/?p=17114\" \/>\n<meta property=\"og:locale\" content=\"fr_CA\" \/>\n<meta property=\"og:type\" content=\"article\" \/>\n<meta property=\"og:title\" content=\"Le Syndicat International des Marins Canadiens \u00e9lit un nouveau conseil ex\u00e9cutif - www.Seafarers.ca\" \/>\n<meta property=\"og:description\" content=\"POUR DIFFUSION IMM\u00c9DIATE MONTR\u00c9AL, QC \u2013 Le Syndicat international des marins canadiens (SIMC) a annonc\u00e9 aujourd&rsquo;hui que sa p\u00e9riode de vote est maintenant termin\u00e9e et qu&rsquo;un nouveau conseil ex\u00e9cutif a \u00e9t\u00e9 \u00e9lu. Cela inclut notamment l&rsquo;\u00e9lection d&rsquo;un nouveau pr\u00e9sident du Syndicat suite au d\u00e9part \u00e0 la retraite de l&rsquo;ancien pr\u00e9sident du SIMC, James Given. Les [&hellip;]\" \/>\n<meta property=\"og:url\" content=\"https:\/\/seafarers.ca\/?p=17114\" \/>\n<meta property=\"og:site_name\" content=\"www.Seafarers.ca\" \/>\n<meta property=\"article:published_time\" content=\"2022-12-16T14:00:21+00:00\" \/>\n<meta name=\"author\" content=\"SFadmin\" \/>\n<meta name=\"twitter:card\" content=\"summary_large_image\" \/>\n<meta name=\"twitter:label1\" content=\"\u00c9crit par\" \/>\n\t<meta name=\"twitter:data1\" content=\"SFadmin\" \/>\n\t<meta name=\"twitter:label2\" content=\"Estimation du temps de lecture\" \/>\n\t<meta name=\"twitter:data2\" content=\"2 minutes\" \/>\n<script type=\"application\/ld+json\" class=\"yoast-schema-graph\">{\"@context\":\"https:\\\/\\\/schema.org\",\"@graph\":[{\"@type\":\"Article\",\"@id\":\"https:\\\/\\\/seafarers.ca\\\/?p=17114#article\",\"isPartOf\":{\"@id\":\"https:\\\/\\\/seafarers.ca\\\/?p=17114\"},\"author\":{\"name\":\"SFadmin\",\"@id\":\"https:\\\/\\\/seafarers.ca\\\/#\\\/schema\\\/person\\\/45fa29e4878fea3b0c7e9d6d21031ce1\"},\"headline\":\"Le Syndicat International des Marins Canadiens \u00e9lit un nouveau conseil ex\u00e9cutif\",\"datePublished\":\"2022-12-16T14:00:21+00:00\",\"mainEntityOfPage\":{\"@id\":\"https:\\\/\\\/seafarers.ca\\\/?p=17114\"},\"wordCount\":400,\"articleSection\":[\"Nouvelles &amp; \u00e9v\u00e9nements\"],\"inLanguage\":\"fr-CA\"},{\"@type\":\"WebPage\",\"@id\":\"https:\\\/\\\/seafarers.ca\\\/?p=17114\",\"url\":\"https:\\\/\\\/seafarers.ca\\\/?p=17114\",\"name\":\"Le Syndicat International des Marins Canadiens \u00e9lit un nouveau conseil ex\u00e9cutif - www.Seafarers.ca\",\"isPartOf\":{\"@id\":\"https:\\\/\\\/seafarers.ca\\\/#website\"},\"datePublished\":\"2022-12-16T14:00:21+00:00\",\"author\":{\"@id\":\"https:\\\/\\\/seafarers.ca\\\/#\\\/schema\\\/person\\\/45fa29e4878fea3b0c7e9d6d21031ce1\"},\"breadcrumb\":{\"@id\":\"https:\\\/\\\/seafarers.ca\\\/?p=17114#breadcrumb\"},\"inLanguage\":\"fr-CA\",\"potentialAction\":[{\"@type\":\"ReadAction\",\"target\":[\"https:\\\/\\\/seafarers.ca\\\/?p=17114\"]}]},{\"@type\":\"BreadcrumbList\",\"@id\":\"https:\\\/\\\/seafarers.ca\\\/?p=17114#breadcrumb\",\"itemListElement\":[{\"@type\":\"ListItem\",\"position\":1,\"name\":\"Home\",\"item\":\"https:\\\/\\\/seafarers.ca\\\/fr\\\/\"},{\"@type\":\"ListItem\",\"position\":2,\"name\":\"Le Syndicat International des Marins Canadiens \u00e9lit un nouveau conseil ex\u00e9cutif\"}]},{\"@type\":\"WebSite\",\"@id\":\"https:\\\/\\\/seafarers.ca\\\/#website\",\"url\":\"https:\\\/\\\/seafarers.ca\\\/\",\"name\":\"www.Seafarers.ca\",\"description\":\"Syndicat International des Marins Canadiens\",\"potentialAction\":[{\"@type\":\"SearchAction\",\"target\":{\"@type\":\"EntryPoint\",\"urlTemplate\":\"https:\\\/\\\/seafarers.ca\\\/?s={search_term_string}\"},\"query-input\":{\"@type\":\"PropertyValueSpecification\",\"valueRequired\":true,\"valueName\":\"search_term_string\"}}],\"inLanguage\":\"fr-CA\"},{\"@type\":\"Person\",\"@id\":\"https:\\\/\\\/seafarers.ca\\\/#\\\/schema\\\/person\\\/45fa29e4878fea3b0c7e9d6d21031ce1\",\"name\":\"SFadmin\",\"image\":{\"@type\":\"ImageObject\",\"inLanguage\":\"fr-CA\",\"@id\":\"https:\\\/\\\/secure.gravatar.com\\\/avatar\\\/3a26fc19e9d82385ff4f85e2e2763841f79cdad306e100d09589b1d718717a4e?s=96&r=g\",\"url\":\"https:\\\/\\\/secure.gravatar.com\\\/avatar\\\/3a26fc19e9d82385ff4f85e2e2763841f79cdad306e100d09589b1d718717a4e?s=96&r=g\",\"contentUrl\":\"https:\\\/\\\/secure.gravatar.com\\\/avatar\\\/3a26fc19e9d82385ff4f85e2e2763841f79cdad306e100d09589b1d718717a4e?s=96&r=g\",\"caption\":\"SFadmin\"},\"url\":\"https:\\\/\\\/seafarers.ca\\\/fr\\\/author\\\/sfadmin\\\/\"}]}<\/script>\n<!-- \/ Yoast SEO plugin. -->","yoast_head_json":{"title":"Le Syndicat International des Marins Canadiens \u00e9lit un nouveau conseil ex\u00e9cutif - www.Seafarers.ca","robots":{"index":"index","follow":"follow","max-snippet":"max-snippet:-1","max-image-preview":"max-image-preview:large","max-video-preview":"max-video-preview:-1"},"canonical":"https:\/\/seafarers.ca\/?p=17114","og_locale":"fr_CA","og_type":"article","og_title":"Le Syndicat International des Marins Canadiens \u00e9lit un nouveau conseil ex\u00e9cutif - www.Seafarers.ca","og_description":"POUR DIFFUSION IMM\u00c9DIATE MONTR\u00c9AL, QC \u2013 Le Syndicat international des marins canadiens (SIMC) a annonc\u00e9 aujourd&rsquo;hui que sa p\u00e9riode de vote est maintenant termin\u00e9e et qu&rsquo;un nouveau conseil ex\u00e9cutif a \u00e9t\u00e9 \u00e9lu. Cela inclut notamment l&rsquo;\u00e9lection d&rsquo;un nouveau pr\u00e9sident du Syndicat suite au d\u00e9part \u00e0 la retraite de l&rsquo;ancien pr\u00e9sident du SIMC, James Given. Les [&hellip;]","og_url":"https:\/\/seafarers.ca\/?p=17114","og_site_name":"www.Seafarers.ca","article_published_time":"2022-12-16T14:00:21+00:00","author":"SFadmin","twitter_card":"summary_large_image","twitter_misc":{"\u00c9crit par":"SFadmin","Estimation du temps de lecture":"2 minutes"},"schema":{"@context":"https:\/\/schema.org","@graph":[{"@type":"Article","@id":"https:\/\/seafarers.ca\/?p=17114#article","isPartOf":{"@id":"https:\/\/seafarers.ca\/?p=17114"},"author":{"name":"SFadmin","@id":"https:\/\/seafarers.ca\/#\/schema\/person\/45fa29e4878fea3b0c7e9d6d21031ce1"},"headline":"Le Syndicat International des Marins Canadiens \u00e9lit un nouveau conseil ex\u00e9cutif","datePublished":"2022-12-16T14:00:21+00:00","mainEntityOfPage":{"@id":"https:\/\/seafarers.ca\/?p=17114"},"wordCount":400,"articleSection":["Nouvelles &amp; \u00e9v\u00e9nements"],"inLanguage":"fr-CA"},{"@type":"WebPage","@id":"https:\/\/seafarers.ca\/?p=17114","url":"https:\/\/seafarers.ca\/?p=17114","name":"Le Syndicat International des Marins Canadiens \u00e9lit un nouveau conseil ex\u00e9cutif - www.Seafarers.ca","isPartOf":{"@id":"https:\/\/seafarers.ca\/#website"},"datePublished":"2022-12-16T14:00:21+00:00","author":{"@id":"https:\/\/seafarers.ca\/#\/schema\/person\/45fa29e4878fea3b0c7e9d6d21031ce1"},"breadcrumb":{"@id":"https:\/\/seafarers.ca\/?p=17114#breadcrumb"},"inLanguage":"fr-CA","potentialAction":[{"@type":"ReadAction","target":["https:\/\/seafarers.ca\/?p=17114"]}]},{"@type":"BreadcrumbList","@id":"https:\/\/seafarers.ca\/?p=17114#breadcrumb","itemListElement":[{"@type":"ListItem","position":1,"name":"Home","item":"https:\/\/seafarers.ca\/fr\/"},{"@type":"ListItem","position":2,"name":"Le Syndicat International des Marins Canadiens \u00e9lit un nouveau conseil ex\u00e9cutif"}]},{"@type":"WebSite","@id":"https:\/\/seafarers.ca\/#website","url":"https:\/\/seafarers.ca\/","name":"www.Seafarers.ca","description":"Syndicat International des Marins Canadiens","potentialAction":[{"@type":"SearchAction","target":{"@type":"EntryPoint","urlTemplate":"https:\/\/seafarers.ca\/?s={search_term_string}"},"query-input":{"@type":"PropertyValueSpecification","valueRequired":true,"valueName":"search_term_string"}}],"inLanguage":"fr-CA"},{"@type":"Person","@id":"https:\/\/seafarers.ca\/#\/schema\/person\/45fa29e4878fea3b0c7e9d6d21031ce1","name":"SFadmin","image":{"@type":"ImageObject","inLanguage":"fr-CA","@id":"https:\/\/secure.gravatar.com\/avatar\/3a26fc19e9d82385ff4f85e2e2763841f79cdad306e100d09589b1d718717a4e?s=96&r=g","url":"https:\/\/secure.gravatar.com\/avatar\/3a26fc19e9d82385ff4f85e2e2763841f79cdad306e100d09589b1d718717a4e?s=96&r=g","contentUrl":"https:\/\/secure.gravatar.com\/avatar\/3a26fc19e9d82385ff4f85e2e2763841f79cdad306e100d09589b1d718717a4e?s=96&r=g","caption":"SFadmin"},"url":"https:\/\/seafarers.ca\/fr\/author\/sfadmin\/"}]}},"_links":{"self":[{"href":"https:\/\/seafarers.ca\/fr\/wp-json\/wp\/v2\/posts\/17120","targetHints":{"allow":["GET"]}}],"collection":[{"href":"https:\/\/seafarers.ca\/fr\/wp-json\/wp\/v2\/posts"}],"about":[{"href":"https:\/\/seafarers.ca\/fr\/wp-json\/wp\/v2\/types\/post"}],"author":[{"embeddable":true,"href":"https:\/\/seafarers.ca\/fr\/wp-json\/wp\/v2\/users\/28"}],"replies":[{"embeddable":true,"href":"https:\/\/seafarers.ca\/fr\/wp-json\/wp\/v2\/comments?post=17120"}],"version-history":[{"count":4,"href":"https:\/\/seafarers.ca\/fr\/wp-json\/wp\/v2\/posts\/17120\/revisions"}],"predecessor-version":[{"id":17151,"href":"https:\/\/seafarers.ca\/fr\/wp-json\/wp\/v2\/posts\/17120\/revisions\/17151"}],"wp:attachment":[{"href":"https:\/\/seafarers.ca\/fr\/wp-json\/wp\/v2\/media?parent=17120"}],"wp:term":[{"taxonomy":"category","embeddable":true,"href":"https:\/\/seafarers.ca\/fr\/wp-json\/wp\/v2\/categories?post=17120"},{"taxonomy":"post_tag","embeddable":true,"href":"https:\/\/seafarers.ca\/fr\/wp-json\/wp\/v2\/tags?post=17120"}],"curies":[{"name":"wp","href":"https:\/\/api.w.org\/{rel}","templated":true}]}}