{"id":17213,"date":"2022-12-19T08:44:06","date_gmt":"2022-12-19T13:44:06","guid":{"rendered":"https:\/\/seafarers.ca\/?p=17213"},"modified":"2022-12-19T08:44:06","modified_gmt":"2022-12-19T13:44:06","slug":"bonne-retraite-patrice-caron","status":"publish","type":"post","link":"https:\/\/seafarers.ca\/fr\/bonne-retraite-patrice-caron\/","title":{"rendered":"Bonne retraite, Patrice Caron!"},"content":{"rendered":"<p>Patrice Caron a annonc\u00e9 sa retraite de son poste de vice-pr\u00e9sident ex\u00e9cutif du SIMC la semaine derni\u00e8re, choisissant de ne pas se repr\u00e9senter. Patrice Caron a servi loyalement le SIMC et les gens de mer canadiens tout au long de sa longue carri\u00e8re. Patrice a travaill\u00e9 sur plusieurs navires en tant que membre du SIMC pendant 15 ans avant de commencer sa carri\u00e8re \u00e0 terre avec le syndicat.<\/p>\n<p>Tout au long de son mandat au SIMC, Patrice a \u00e9t\u00e9 un promoteur cl\u00e9 des efforts de recrutement du SIMC, aidant \u00e0 promouvoir les carri\u00e8res en mer aupr\u00e8s de la prochaine g\u00e9n\u00e9ration de marins. Patrice a \u00e9galement occup\u00e9 plusieurs postes au sein de la International Transport Workers\u2019 Federation (ITF), contribuant \u00e0 fa\u00e7onner la position du SIMC sur la sc\u00e8ne internationale.<\/p>\n<p>Le SIMC remercie Patrice pour son service, son d\u00e9vouement et sa loyaut\u00e9 tout au long de ses ann\u00e9es au sein du syndicat et, au nom de tous les membres du SIMC, nous souhaitons \u00e0 Patrice une retraite longue et bien m\u00e9rit\u00e9e.<\/p>\n<p>&nbsp;<\/p>\n<p>&nbsp;<\/p>\n<p>&nbsp;<\/p>\n<p><a href=\"https:\/\/seafarers.ca\/wp-content\/uploads\/2022\/12\/patrice_1500x900_acf_cropped.jpeg\"><img loading=\"lazy\" decoding=\"async\" class=\"alignnone size-medium wp-image-17208\" src=\"https:\/\/seafarers.ca\/wp-content\/uploads\/2022\/12\/patrice_1500x900_acf_cropped-300x180.jpeg\" alt=\"\" width=\"300\" height=\"180\" srcset=\"https:\/\/seafarers.ca\/wp-content\/uploads\/2022\/12\/patrice_1500x900_acf_cropped-300x180.jpeg 300w, https:\/\/seafarers.ca\/wp-content\/uploads\/2022\/12\/patrice_1500x900_acf_cropped-1024x614.jpeg 1024w, https:\/\/seafarers.ca\/wp-content\/uploads\/2022\/12\/patrice_1500x900_acf_cropped-768x461.jpeg 768w, https:\/\/seafarers.ca\/wp-content\/uploads\/2022\/12\/patrice_1500x900_acf_cropped.jpeg 1500w\" sizes=\"auto, (max-width: 300px) 100vw, 300px\" \/><\/a><\/p>\n","protected":false},"excerpt":{"rendered":"<p>Patrice Caron a annonc\u00e9 sa retraite de son poste de vice-pr\u00e9sident ex\u00e9cutif du SIMC la semaine derni\u00e8re, choisissant de ne pas se repr\u00e9senter. Patrice Caron a servi loyalement le SIMC et les gens de mer canadiens tout au long de sa longue carri\u00e8re. Patrice a travaill\u00e9 sur plusieurs navires en tant que membre du SIMC [&hellip;]<\/p>\n","protected":false},"author":28,"featured_media":0,"comment_status":"closed","ping_status":"closed","sticky":false,"template":"","format":"standard","meta":{"_acf_changed":false,"footnotes":""},"categories":[28],"tags":[],"class_list":["post-17213","post","type-post","status-publish","format-standard","hentry","category-actualites-evenements"],"acf":[],"yoast_head":"<!-- This site is optimized with the Yoast SEO plugin v27.4 - https:\/\/yoast.com\/product\/yoast-seo-wordpress\/ -->\n<title>Bonne retraite, Patrice Caron! - www.Seafarers.ca<\/title>\n<meta name=\"robots\" content=\"index, follow, max-snippet:-1, max-image-preview:large, max-video-preview:-1\" \/>\n<link rel=\"canonical\" href=\"https:\/\/seafarers.ca\/fr\/bonne-retraite-patrice-caron\/\" \/>\n<meta property=\"og:locale\" content=\"fr_CA\" \/>\n<meta property=\"og:type\" content=\"article\" \/>\n<meta property=\"og:title\" content=\"Bonne retraite, Patrice Caron! - www.Seafarers.ca\" \/>\n<meta property=\"og:description\" content=\"Patrice Caron a annonc\u00e9 sa retraite de son poste de vice-pr\u00e9sident ex\u00e9cutif du SIMC la semaine derni\u00e8re, choisissant de ne pas se repr\u00e9senter. Patrice Caron a servi loyalement le SIMC et les gens de mer canadiens tout au long de sa longue carri\u00e8re. Patrice a travaill\u00e9 sur plusieurs navires en tant que membre du SIMC [&hellip;]\" \/>\n<meta property=\"og:url\" content=\"https:\/\/seafarers.ca\/fr\/bonne-retraite-patrice-caron\/\" \/>\n<meta property=\"og:site_name\" content=\"www.Seafarers.ca\" \/>\n<meta property=\"article:published_time\" content=\"2022-12-19T13:44:06+00:00\" \/>\n<meta property=\"og:image\" content=\"https:\/\/seafarers.ca\/wp-content\/uploads\/2022\/12\/patrice_1500x900_acf_cropped-300x180.jpeg\" \/>\n<meta name=\"author\" content=\"SFadmin\" \/>\n<meta name=\"twitter:card\" content=\"summary_large_image\" \/>\n<meta name=\"twitter:label1\" content=\"\u00c9crit par\" \/>\n\t<meta name=\"twitter:data1\" content=\"SFadmin\" \/>\n\t<meta name=\"twitter:label2\" content=\"Estimation du temps de lecture\" \/>\n\t<meta name=\"twitter:data2\" content=\"1 minute\" \/>\n<script type=\"application\/ld+json\" class=\"yoast-schema-graph\">{\"@context\":\"https:\\\/\\\/schema.org\",\"@graph\":[{\"@type\":\"Article\",\"@id\":\"https:\\\/\\\/seafarers.ca\\\/fr\\\/bonne-retraite-patrice-caron\\\/#article\",\"isPartOf\":{\"@id\":\"https:\\\/\\\/seafarers.ca\\\/fr\\\/bonne-retraite-patrice-caron\\\/\"},\"author\":{\"name\":\"SFadmin\",\"@id\":\"https:\\\/\\\/seafarers.ca\\\/#\\\/schema\\\/person\\\/45fa29e4878fea3b0c7e9d6d21031ce1\"},\"headline\":\"Bonne retraite, Patrice Caron!\",\"datePublished\":\"2022-12-19T13:44:06+00:00\",\"mainEntityOfPage\":{\"@id\":\"https:\\\/\\\/seafarers.ca\\\/fr\\\/bonne-retraite-patrice-caron\\\/\"},\"wordCount\":187,\"image\":{\"@id\":\"https:\\\/\\\/seafarers.ca\\\/fr\\\/bonne-retraite-patrice-caron\\\/#primaryimage\"},\"thumbnailUrl\":\"https:\\\/\\\/seafarers.ca\\\/wp-content\\\/uploads\\\/2022\\\/12\\\/patrice_1500x900_acf_cropped-300x180.jpeg\",\"articleSection\":[\"Nouvelles &amp; \u00e9v\u00e9nements\"],\"inLanguage\":\"fr-CA\"},{\"@type\":\"WebPage\",\"@id\":\"https:\\\/\\\/seafarers.ca\\\/fr\\\/bonne-retraite-patrice-caron\\\/\",\"url\":\"https:\\\/\\\/seafarers.ca\\\/fr\\\/bonne-retraite-patrice-caron\\\/\",\"name\":\"Bonne retraite, Patrice Caron! - www.Seafarers.ca\",\"isPartOf\":{\"@id\":\"https:\\\/\\\/seafarers.ca\\\/#website\"},\"primaryImageOfPage\":{\"@id\":\"https:\\\/\\\/seafarers.ca\\\/fr\\\/bonne-retraite-patrice-caron\\\/#primaryimage\"},\"image\":{\"@id\":\"https:\\\/\\\/seafarers.ca\\\/fr\\\/bonne-retraite-patrice-caron\\\/#primaryimage\"},\"thumbnailUrl\":\"https:\\\/\\\/seafarers.ca\\\/wp-content\\\/uploads\\\/2022\\\/12\\\/patrice_1500x900_acf_cropped-300x180.jpeg\",\"datePublished\":\"2022-12-19T13:44:06+00:00\",\"author\":{\"@id\":\"https:\\\/\\\/seafarers.ca\\\/#\\\/schema\\\/person\\\/45fa29e4878fea3b0c7e9d6d21031ce1\"},\"breadcrumb\":{\"@id\":\"https:\\\/\\\/seafarers.ca\\\/fr\\\/bonne-retraite-patrice-caron\\\/#breadcrumb\"},\"inLanguage\":\"fr-CA\",\"potentialAction\":[{\"@type\":\"ReadAction\",\"target\":[\"https:\\\/\\\/seafarers.ca\\\/fr\\\/bonne-retraite-patrice-caron\\\/\"]}]},{\"@type\":\"ImageObject\",\"inLanguage\":\"fr-CA\",\"@id\":\"https:\\\/\\\/seafarers.ca\\\/fr\\\/bonne-retraite-patrice-caron\\\/#primaryimage\",\"url\":\"https:\\\/\\\/seafarers.ca\\\/wp-content\\\/uploads\\\/2022\\\/12\\\/patrice_1500x900_acf_cropped-300x180.jpeg\",\"contentUrl\":\"https:\\\/\\\/seafarers.ca\\\/wp-content\\\/uploads\\\/2022\\\/12\\\/patrice_1500x900_acf_cropped-300x180.jpeg\"},{\"@type\":\"BreadcrumbList\",\"@id\":\"https:\\\/\\\/seafarers.ca\\\/fr\\\/bonne-retraite-patrice-caron\\\/#breadcrumb\",\"itemListElement\":[{\"@type\":\"ListItem\",\"position\":1,\"name\":\"Home\",\"item\":\"https:\\\/\\\/seafarers.ca\\\/fr\\\/\"},{\"@type\":\"ListItem\",\"position\":2,\"name\":\"Bonne retraite, Patrice Caron!\"}]},{\"@type\":\"WebSite\",\"@id\":\"https:\\\/\\\/seafarers.ca\\\/#website\",\"url\":\"https:\\\/\\\/seafarers.ca\\\/\",\"name\":\"www.Seafarers.ca\",\"description\":\"Syndicat International des Marins Canadiens\",\"potentialAction\":[{\"@type\":\"SearchAction\",\"target\":{\"@type\":\"EntryPoint\",\"urlTemplate\":\"https:\\\/\\\/seafarers.ca\\\/?s={search_term_string}\"},\"query-input\":{\"@type\":\"PropertyValueSpecification\",\"valueRequired\":true,\"valueName\":\"search_term_string\"}}],\"inLanguage\":\"fr-CA\"},{\"@type\":\"Person\",\"@id\":\"https:\\\/\\\/seafarers.ca\\\/#\\\/schema\\\/person\\\/45fa29e4878fea3b0c7e9d6d21031ce1\",\"name\":\"SFadmin\",\"image\":{\"@type\":\"ImageObject\",\"inLanguage\":\"fr-CA\",\"@id\":\"https:\\\/\\\/secure.gravatar.com\\\/avatar\\\/3a26fc19e9d82385ff4f85e2e2763841f79cdad306e100d09589b1d718717a4e?s=96&r=g\",\"url\":\"https:\\\/\\\/secure.gravatar.com\\\/avatar\\\/3a26fc19e9d82385ff4f85e2e2763841f79cdad306e100d09589b1d718717a4e?s=96&r=g\",\"contentUrl\":\"https:\\\/\\\/secure.gravatar.com\\\/avatar\\\/3a26fc19e9d82385ff4f85e2e2763841f79cdad306e100d09589b1d718717a4e?s=96&r=g\",\"caption\":\"SFadmin\"},\"url\":\"https:\\\/\\\/seafarers.ca\\\/fr\\\/author\\\/sfadmin\\\/\"}]}<\/script>\n<!-- \/ Yoast SEO plugin. -->","yoast_head_json":{"title":"Bonne retraite, Patrice Caron! - www.Seafarers.ca","robots":{"index":"index","follow":"follow","max-snippet":"max-snippet:-1","max-image-preview":"max-image-preview:large","max-video-preview":"max-video-preview:-1"},"canonical":"https:\/\/seafarers.ca\/fr\/bonne-retraite-patrice-caron\/","og_locale":"fr_CA","og_type":"article","og_title":"Bonne retraite, Patrice Caron! - www.Seafarers.ca","og_description":"Patrice Caron a annonc\u00e9 sa retraite de son poste de vice-pr\u00e9sident ex\u00e9cutif du SIMC la semaine derni\u00e8re, choisissant de ne pas se repr\u00e9senter. Patrice Caron a servi loyalement le SIMC et les gens de mer canadiens tout au long de sa longue carri\u00e8re. Patrice a travaill\u00e9 sur plusieurs navires en tant que membre du SIMC [&hellip;]","og_url":"https:\/\/seafarers.ca\/fr\/bonne-retraite-patrice-caron\/","og_site_name":"www.Seafarers.ca","article_published_time":"2022-12-19T13:44:06+00:00","og_image":[{"url":"https:\/\/seafarers.ca\/wp-content\/uploads\/2022\/12\/patrice_1500x900_acf_cropped-300x180.jpeg","type":"","width":"","height":""}],"author":"SFadmin","twitter_card":"summary_large_image","twitter_misc":{"\u00c9crit par":"SFadmin","Estimation du temps de lecture":"1 minute"},"schema":{"@context":"https:\/\/schema.org","@graph":[{"@type":"Article","@id":"https:\/\/seafarers.ca\/fr\/bonne-retraite-patrice-caron\/#article","isPartOf":{"@id":"https:\/\/seafarers.ca\/fr\/bonne-retraite-patrice-caron\/"},"author":{"name":"SFadmin","@id":"https:\/\/seafarers.ca\/#\/schema\/person\/45fa29e4878fea3b0c7e9d6d21031ce1"},"headline":"Bonne retraite, Patrice Caron!","datePublished":"2022-12-19T13:44:06+00:00","mainEntityOfPage":{"@id":"https:\/\/seafarers.ca\/fr\/bonne-retraite-patrice-caron\/"},"wordCount":187,"image":{"@id":"https:\/\/seafarers.ca\/fr\/bonne-retraite-patrice-caron\/#primaryimage"},"thumbnailUrl":"https:\/\/seafarers.ca\/wp-content\/uploads\/2022\/12\/patrice_1500x900_acf_cropped-300x180.jpeg","articleSection":["Nouvelles &amp; \u00e9v\u00e9nements"],"inLanguage":"fr-CA"},{"@type":"WebPage","@id":"https:\/\/seafarers.ca\/fr\/bonne-retraite-patrice-caron\/","url":"https:\/\/seafarers.ca\/fr\/bonne-retraite-patrice-caron\/","name":"Bonne retraite, Patrice Caron! - www.Seafarers.ca","isPartOf":{"@id":"https:\/\/seafarers.ca\/#website"},"primaryImageOfPage":{"@id":"https:\/\/seafarers.ca\/fr\/bonne-retraite-patrice-caron\/#primaryimage"},"image":{"@id":"https:\/\/seafarers.ca\/fr\/bonne-retraite-patrice-caron\/#primaryimage"},"thumbnailUrl":"https:\/\/seafarers.ca\/wp-content\/uploads\/2022\/12\/patrice_1500x900_acf_cropped-300x180.jpeg","datePublished":"2022-12-19T13:44:06+00:00","author":{"@id":"https:\/\/seafarers.ca\/#\/schema\/person\/45fa29e4878fea3b0c7e9d6d21031ce1"},"breadcrumb":{"@id":"https:\/\/seafarers.ca\/fr\/bonne-retraite-patrice-caron\/#breadcrumb"},"inLanguage":"fr-CA","potentialAction":[{"@type":"ReadAction","target":["https:\/\/seafarers.ca\/fr\/bonne-retraite-patrice-caron\/"]}]},{"@type":"ImageObject","inLanguage":"fr-CA","@id":"https:\/\/seafarers.ca\/fr\/bonne-retraite-patrice-caron\/#primaryimage","url":"https:\/\/seafarers.ca\/wp-content\/uploads\/2022\/12\/patrice_1500x900_acf_cropped-300x180.jpeg","contentUrl":"https:\/\/seafarers.ca\/wp-content\/uploads\/2022\/12\/patrice_1500x900_acf_cropped-300x180.jpeg"},{"@type":"BreadcrumbList","@id":"https:\/\/seafarers.ca\/fr\/bonne-retraite-patrice-caron\/#breadcrumb","itemListElement":[{"@type":"ListItem","position":1,"name":"Home","item":"https:\/\/seafarers.ca\/fr\/"},{"@type":"ListItem","position":2,"name":"Bonne retraite, Patrice Caron!"}]},{"@type":"WebSite","@id":"https:\/\/seafarers.ca\/#website","url":"https:\/\/seafarers.ca\/","name":"www.Seafarers.ca","description":"Syndicat International des Marins Canadiens","potentialAction":[{"@type":"SearchAction","target":{"@type":"EntryPoint","urlTemplate":"https:\/\/seafarers.ca\/?s={search_term_string}"},"query-input":{"@type":"PropertyValueSpecification","valueRequired":true,"valueName":"search_term_string"}}],"inLanguage":"fr-CA"},{"@type":"Person","@id":"https:\/\/seafarers.ca\/#\/schema\/person\/45fa29e4878fea3b0c7e9d6d21031ce1","name":"SFadmin","image":{"@type":"ImageObject","inLanguage":"fr-CA","@id":"https:\/\/secure.gravatar.com\/avatar\/3a26fc19e9d82385ff4f85e2e2763841f79cdad306e100d09589b1d718717a4e?s=96&r=g","url":"https:\/\/secure.gravatar.com\/avatar\/3a26fc19e9d82385ff4f85e2e2763841f79cdad306e100d09589b1d718717a4e?s=96&r=g","contentUrl":"https:\/\/secure.gravatar.com\/avatar\/3a26fc19e9d82385ff4f85e2e2763841f79cdad306e100d09589b1d718717a4e?s=96&r=g","caption":"SFadmin"},"url":"https:\/\/seafarers.ca\/fr\/author\/sfadmin\/"}]}},"_links":{"self":[{"href":"https:\/\/seafarers.ca\/fr\/wp-json\/wp\/v2\/posts\/17213","targetHints":{"allow":["GET"]}}],"collection":[{"href":"https:\/\/seafarers.ca\/fr\/wp-json\/wp\/v2\/posts"}],"about":[{"href":"https:\/\/seafarers.ca\/fr\/wp-json\/wp\/v2\/types\/post"}],"author":[{"embeddable":true,"href":"https:\/\/seafarers.ca\/fr\/wp-json\/wp\/v2\/users\/28"}],"replies":[{"embeddable":true,"href":"https:\/\/seafarers.ca\/fr\/wp-json\/wp\/v2\/comments?post=17213"}],"version-history":[{"count":1,"href":"https:\/\/seafarers.ca\/fr\/wp-json\/wp\/v2\/posts\/17213\/revisions"}],"predecessor-version":[{"id":17214,"href":"https:\/\/seafarers.ca\/fr\/wp-json\/wp\/v2\/posts\/17213\/revisions\/17214"}],"wp:attachment":[{"href":"https:\/\/seafarers.ca\/fr\/wp-json\/wp\/v2\/media?parent=17213"}],"wp:term":[{"taxonomy":"category","embeddable":true,"href":"https:\/\/seafarers.ca\/fr\/wp-json\/wp\/v2\/categories?post=17213"},{"taxonomy":"post_tag","embeddable":true,"href":"https:\/\/seafarers.ca\/fr\/wp-json\/wp\/v2\/tags?post=17213"}],"curies":[{"name":"wp","href":"https:\/\/api.w.org\/{rel}","templated":true}]}}