{"id":17497,"date":"2023-09-28T10:47:46","date_gmt":"2023-09-28T14:47:46","guid":{"rendered":"https:\/\/seafarers.ca\/?p=17497"},"modified":"2023-09-28T10:47:46","modified_gmt":"2023-09-28T14:47:46","slug":"simc-se-joint-le-grand-salon-des-carrieres-maritimes-du-canada","status":"publish","type":"post","link":"https:\/\/seafarers.ca\/fr\/simc-se-joint-le-grand-salon-des-carrieres-maritimes-du-canada\/","title":{"rendered":"SIMC se joint le Grand Salon des Carri\u00e8res Maritimes du Canada"},"content":{"rendered":"<p>Le Syndicat international des marins canadiens est heureux de s&rsquo;associer \u00e0 la <a href=\"https:\/\/www.canada.ca\/fr\/marine.html\">Marine royale canadienne<\/a> et \u00e0 la <a href=\"https:\/\/imagine-marine.ca\/fr\">Fondation des carri\u00e8res maritimes canadienne<\/a> pour se joindre \u00e0 la Grande Salon des carri\u00e8res maritimes du Canada qui se d\u00e9roulera dans les villes de l&rsquo;Est du Canada tout au long de l&rsquo;automne !<\/p>\n<p>Le SIMC se joindra au salon des carri\u00e8res \u00e0 Rimouski, Qu\u00e9bec, Montr\u00e9al, Toronto, Kingston et Hamilton (dates et lieux indiqu\u00e9s ci-dessous). Si vous connaissez quelqu&rsquo;un dans ces domaines qui est int\u00e9ress\u00e9 par une carri\u00e8re dans le secteur maritime canadien, encouragez-le \u00e0 venir \u00e0 ces salons de carri\u00e8re pour en savoir plus sur les diff\u00e9rentes opportunit\u00e9s disponibles dans notre belle industrie ! Pour en savoir plus sur la Grande Salon des carri\u00e8res maritimes du Canada, cliquez sur le lien ci-dessous.<\/p>\n<p>Le SIMC se joindra \u00e0 la Grande Salon des carri\u00e8res maritimes du Canada aux endroits suivants !<\/p>\n<ul>\n<li>Rimouski, QC: Octobre 2-3, 2023 \u2013 Rimouski Quai 4<\/li>\n<li>Qu\u00e9bec, QC: Octobre 5-7, 2023 \u2013 Quai 81 (Quai Paquet)<\/li>\n<li>Montr\u00e9al, QC: Octobre 14-17, 2023 \u2013 Quai des Convoyeurs (Vieux Port)<\/li>\n<li>Toronto, ON: Octobre 31-Novembre 1, 2023 \u2013 Habour Front Centre \u2013 Berth 22<\/li>\n<li>Kingston, ON: Novembre 7, 2023 \u2013 Kingston Coal Dock<\/li>\n<li>Hamilton, ON: Novembre 18-19, 2023 \u2013 D\u00e9tails \u00e0 venir<\/li>\n<\/ul>\n<p><strong>Pour plus d&rsquo;informations: <a href=\"https:\/\/www.canada.ca\/fr\/marine\/campagnes\/gsemc.html\">https:\/\/www.canada.ca\/fr\/marine\/campagnes\/gsemc.html<\/a><\/strong><\/p>\n","protected":false},"excerpt":{"rendered":"<p>Le Syndicat international des marins canadiens est heureux de s&rsquo;associer \u00e0 la Marine royale canadienne et \u00e0 la Fondation des carri\u00e8res maritimes canadienne pour se joindre \u00e0 la Grande Salon des carri\u00e8res maritimes du Canada qui se d\u00e9roulera dans les villes de l&rsquo;Est du Canada tout au long de l&rsquo;automne ! Le SIMC se joindra [&hellip;]<\/p>\n","protected":false},"author":28,"featured_media":0,"comment_status":"closed","ping_status":"closed","sticky":false,"template":"","format":"standard","meta":{"_acf_changed":false,"footnotes":""},"categories":[28],"tags":[],"class_list":["post-17497","post","type-post","status-publish","format-standard","hentry","category-actualites-evenements"],"acf":[],"yoast_head":"<!-- This site is optimized with the Yoast SEO plugin v27.4 - https:\/\/yoast.com\/product\/yoast-seo-wordpress\/ -->\n<title>SIMC se joint le Grand Salon des Carri\u00e8res Maritimes du Canada - www.Seafarers.ca<\/title>\n<meta name=\"robots\" content=\"index, follow, max-snippet:-1, max-image-preview:large, max-video-preview:-1\" \/>\n<link rel=\"canonical\" href=\"https:\/\/seafarers.ca\/fr\/simc-se-joint-le-grand-salon-des-carrieres-maritimes-du-canada\/\" \/>\n<meta property=\"og:locale\" content=\"fr_CA\" \/>\n<meta property=\"og:type\" content=\"article\" \/>\n<meta property=\"og:title\" content=\"SIMC se joint le Grand Salon des Carri\u00e8res Maritimes du Canada - www.Seafarers.ca\" \/>\n<meta property=\"og:description\" content=\"Le Syndicat international des marins canadiens est heureux de s&rsquo;associer \u00e0 la Marine royale canadienne et \u00e0 la Fondation des carri\u00e8res maritimes canadienne pour se joindre \u00e0 la Grande Salon des carri\u00e8res maritimes du Canada qui se d\u00e9roulera dans les villes de l&rsquo;Est du Canada tout au long de l&rsquo;automne ! Le SIMC se joindra [&hellip;]\" \/>\n<meta property=\"og:url\" content=\"https:\/\/seafarers.ca\/fr\/simc-se-joint-le-grand-salon-des-carrieres-maritimes-du-canada\/\" \/>\n<meta property=\"og:site_name\" content=\"www.Seafarers.ca\" \/>\n<meta property=\"article:published_time\" content=\"2023-09-28T14:47:46+00:00\" \/>\n<meta name=\"author\" content=\"SFadmin\" \/>\n<meta name=\"twitter:card\" content=\"summary_large_image\" \/>\n<meta name=\"twitter:label1\" content=\"\u00c9crit par\" \/>\n\t<meta name=\"twitter:data1\" content=\"SFadmin\" \/>\n\t<meta name=\"twitter:label2\" content=\"Estimation du temps de lecture\" \/>\n\t<meta name=\"twitter:data2\" content=\"1 minute\" \/>\n<script type=\"application\/ld+json\" class=\"yoast-schema-graph\">{\"@context\":\"https:\\\/\\\/schema.org\",\"@graph\":[{\"@type\":\"Article\",\"@id\":\"https:\\\/\\\/seafarers.ca\\\/fr\\\/simc-se-joint-le-grand-salon-des-carrieres-maritimes-du-canada\\\/#article\",\"isPartOf\":{\"@id\":\"https:\\\/\\\/seafarers.ca\\\/fr\\\/simc-se-joint-le-grand-salon-des-carrieres-maritimes-du-canada\\\/\"},\"author\":{\"name\":\"SFadmin\",\"@id\":\"https:\\\/\\\/seafarers.ca\\\/#\\\/schema\\\/person\\\/45fa29e4878fea3b0c7e9d6d21031ce1\"},\"headline\":\"SIMC se joint le Grand Salon des Carri\u00e8res Maritimes du Canada\",\"datePublished\":\"2023-09-28T14:47:46+00:00\",\"mainEntityOfPage\":{\"@id\":\"https:\\\/\\\/seafarers.ca\\\/fr\\\/simc-se-joint-le-grand-salon-des-carrieres-maritimes-du-canada\\\/\"},\"wordCount\":225,\"articleSection\":[\"Nouvelles &amp; \u00e9v\u00e9nements\"],\"inLanguage\":\"fr-CA\"},{\"@type\":\"WebPage\",\"@id\":\"https:\\\/\\\/seafarers.ca\\\/fr\\\/simc-se-joint-le-grand-salon-des-carrieres-maritimes-du-canada\\\/\",\"url\":\"https:\\\/\\\/seafarers.ca\\\/fr\\\/simc-se-joint-le-grand-salon-des-carrieres-maritimes-du-canada\\\/\",\"name\":\"SIMC se joint le Grand Salon des Carri\u00e8res Maritimes du Canada - www.Seafarers.ca\",\"isPartOf\":{\"@id\":\"https:\\\/\\\/seafarers.ca\\\/#website\"},\"datePublished\":\"2023-09-28T14:47:46+00:00\",\"author\":{\"@id\":\"https:\\\/\\\/seafarers.ca\\\/#\\\/schema\\\/person\\\/45fa29e4878fea3b0c7e9d6d21031ce1\"},\"breadcrumb\":{\"@id\":\"https:\\\/\\\/seafarers.ca\\\/fr\\\/simc-se-joint-le-grand-salon-des-carrieres-maritimes-du-canada\\\/#breadcrumb\"},\"inLanguage\":\"fr-CA\",\"potentialAction\":[{\"@type\":\"ReadAction\",\"target\":[\"https:\\\/\\\/seafarers.ca\\\/fr\\\/simc-se-joint-le-grand-salon-des-carrieres-maritimes-du-canada\\\/\"]}]},{\"@type\":\"BreadcrumbList\",\"@id\":\"https:\\\/\\\/seafarers.ca\\\/fr\\\/simc-se-joint-le-grand-salon-des-carrieres-maritimes-du-canada\\\/#breadcrumb\",\"itemListElement\":[{\"@type\":\"ListItem\",\"position\":1,\"name\":\"Home\",\"item\":\"https:\\\/\\\/seafarers.ca\\\/fr\\\/\"},{\"@type\":\"ListItem\",\"position\":2,\"name\":\"SIMC se joint le Grand Salon des Carri\u00e8res Maritimes du Canada\"}]},{\"@type\":\"WebSite\",\"@id\":\"https:\\\/\\\/seafarers.ca\\\/#website\",\"url\":\"https:\\\/\\\/seafarers.ca\\\/\",\"name\":\"www.Seafarers.ca\",\"description\":\"Syndicat International des Marins Canadiens\",\"potentialAction\":[{\"@type\":\"SearchAction\",\"target\":{\"@type\":\"EntryPoint\",\"urlTemplate\":\"https:\\\/\\\/seafarers.ca\\\/?s={search_term_string}\"},\"query-input\":{\"@type\":\"PropertyValueSpecification\",\"valueRequired\":true,\"valueName\":\"search_term_string\"}}],\"inLanguage\":\"fr-CA\"},{\"@type\":\"Person\",\"@id\":\"https:\\\/\\\/seafarers.ca\\\/#\\\/schema\\\/person\\\/45fa29e4878fea3b0c7e9d6d21031ce1\",\"name\":\"SFadmin\",\"image\":{\"@type\":\"ImageObject\",\"inLanguage\":\"fr-CA\",\"@id\":\"https:\\\/\\\/secure.gravatar.com\\\/avatar\\\/3a26fc19e9d82385ff4f85e2e2763841f79cdad306e100d09589b1d718717a4e?s=96&r=g\",\"url\":\"https:\\\/\\\/secure.gravatar.com\\\/avatar\\\/3a26fc19e9d82385ff4f85e2e2763841f79cdad306e100d09589b1d718717a4e?s=96&r=g\",\"contentUrl\":\"https:\\\/\\\/secure.gravatar.com\\\/avatar\\\/3a26fc19e9d82385ff4f85e2e2763841f79cdad306e100d09589b1d718717a4e?s=96&r=g\",\"caption\":\"SFadmin\"},\"url\":\"https:\\\/\\\/seafarers.ca\\\/fr\\\/author\\\/sfadmin\\\/\"}]}<\/script>\n<!-- \/ Yoast SEO plugin. -->","yoast_head_json":{"title":"SIMC se joint le Grand Salon des Carri\u00e8res Maritimes du Canada - www.Seafarers.ca","robots":{"index":"index","follow":"follow","max-snippet":"max-snippet:-1","max-image-preview":"max-image-preview:large","max-video-preview":"max-video-preview:-1"},"canonical":"https:\/\/seafarers.ca\/fr\/simc-se-joint-le-grand-salon-des-carrieres-maritimes-du-canada\/","og_locale":"fr_CA","og_type":"article","og_title":"SIMC se joint le Grand Salon des Carri\u00e8res Maritimes du Canada - www.Seafarers.ca","og_description":"Le Syndicat international des marins canadiens est heureux de s&rsquo;associer \u00e0 la Marine royale canadienne et \u00e0 la Fondation des carri\u00e8res maritimes canadienne pour se joindre \u00e0 la Grande Salon des carri\u00e8res maritimes du Canada qui se d\u00e9roulera dans les villes de l&rsquo;Est du Canada tout au long de l&rsquo;automne ! Le SIMC se joindra [&hellip;]","og_url":"https:\/\/seafarers.ca\/fr\/simc-se-joint-le-grand-salon-des-carrieres-maritimes-du-canada\/","og_site_name":"www.Seafarers.ca","article_published_time":"2023-09-28T14:47:46+00:00","author":"SFadmin","twitter_card":"summary_large_image","twitter_misc":{"\u00c9crit par":"SFadmin","Estimation du temps de lecture":"1 minute"},"schema":{"@context":"https:\/\/schema.org","@graph":[{"@type":"Article","@id":"https:\/\/seafarers.ca\/fr\/simc-se-joint-le-grand-salon-des-carrieres-maritimes-du-canada\/#article","isPartOf":{"@id":"https:\/\/seafarers.ca\/fr\/simc-se-joint-le-grand-salon-des-carrieres-maritimes-du-canada\/"},"author":{"name":"SFadmin","@id":"https:\/\/seafarers.ca\/#\/schema\/person\/45fa29e4878fea3b0c7e9d6d21031ce1"},"headline":"SIMC se joint le Grand Salon des Carri\u00e8res Maritimes du Canada","datePublished":"2023-09-28T14:47:46+00:00","mainEntityOfPage":{"@id":"https:\/\/seafarers.ca\/fr\/simc-se-joint-le-grand-salon-des-carrieres-maritimes-du-canada\/"},"wordCount":225,"articleSection":["Nouvelles &amp; \u00e9v\u00e9nements"],"inLanguage":"fr-CA"},{"@type":"WebPage","@id":"https:\/\/seafarers.ca\/fr\/simc-se-joint-le-grand-salon-des-carrieres-maritimes-du-canada\/","url":"https:\/\/seafarers.ca\/fr\/simc-se-joint-le-grand-salon-des-carrieres-maritimes-du-canada\/","name":"SIMC se joint le Grand Salon des Carri\u00e8res Maritimes du Canada - www.Seafarers.ca","isPartOf":{"@id":"https:\/\/seafarers.ca\/#website"},"datePublished":"2023-09-28T14:47:46+00:00","author":{"@id":"https:\/\/seafarers.ca\/#\/schema\/person\/45fa29e4878fea3b0c7e9d6d21031ce1"},"breadcrumb":{"@id":"https:\/\/seafarers.ca\/fr\/simc-se-joint-le-grand-salon-des-carrieres-maritimes-du-canada\/#breadcrumb"},"inLanguage":"fr-CA","potentialAction":[{"@type":"ReadAction","target":["https:\/\/seafarers.ca\/fr\/simc-se-joint-le-grand-salon-des-carrieres-maritimes-du-canada\/"]}]},{"@type":"BreadcrumbList","@id":"https:\/\/seafarers.ca\/fr\/simc-se-joint-le-grand-salon-des-carrieres-maritimes-du-canada\/#breadcrumb","itemListElement":[{"@type":"ListItem","position":1,"name":"Home","item":"https:\/\/seafarers.ca\/fr\/"},{"@type":"ListItem","position":2,"name":"SIMC se joint le Grand Salon des Carri\u00e8res Maritimes du Canada"}]},{"@type":"WebSite","@id":"https:\/\/seafarers.ca\/#website","url":"https:\/\/seafarers.ca\/","name":"www.Seafarers.ca","description":"Syndicat International des Marins Canadiens","potentialAction":[{"@type":"SearchAction","target":{"@type":"EntryPoint","urlTemplate":"https:\/\/seafarers.ca\/?s={search_term_string}"},"query-input":{"@type":"PropertyValueSpecification","valueRequired":true,"valueName":"search_term_string"}}],"inLanguage":"fr-CA"},{"@type":"Person","@id":"https:\/\/seafarers.ca\/#\/schema\/person\/45fa29e4878fea3b0c7e9d6d21031ce1","name":"SFadmin","image":{"@type":"ImageObject","inLanguage":"fr-CA","@id":"https:\/\/secure.gravatar.com\/avatar\/3a26fc19e9d82385ff4f85e2e2763841f79cdad306e100d09589b1d718717a4e?s=96&r=g","url":"https:\/\/secure.gravatar.com\/avatar\/3a26fc19e9d82385ff4f85e2e2763841f79cdad306e100d09589b1d718717a4e?s=96&r=g","contentUrl":"https:\/\/secure.gravatar.com\/avatar\/3a26fc19e9d82385ff4f85e2e2763841f79cdad306e100d09589b1d718717a4e?s=96&r=g","caption":"SFadmin"},"url":"https:\/\/seafarers.ca\/fr\/author\/sfadmin\/"}]}},"_links":{"self":[{"href":"https:\/\/seafarers.ca\/fr\/wp-json\/wp\/v2\/posts\/17497","targetHints":{"allow":["GET"]}}],"collection":[{"href":"https:\/\/seafarers.ca\/fr\/wp-json\/wp\/v2\/posts"}],"about":[{"href":"https:\/\/seafarers.ca\/fr\/wp-json\/wp\/v2\/types\/post"}],"author":[{"embeddable":true,"href":"https:\/\/seafarers.ca\/fr\/wp-json\/wp\/v2\/users\/28"}],"replies":[{"embeddable":true,"href":"https:\/\/seafarers.ca\/fr\/wp-json\/wp\/v2\/comments?post=17497"}],"version-history":[{"count":1,"href":"https:\/\/seafarers.ca\/fr\/wp-json\/wp\/v2\/posts\/17497\/revisions"}],"predecessor-version":[{"id":17500,"href":"https:\/\/seafarers.ca\/fr\/wp-json\/wp\/v2\/posts\/17497\/revisions\/17500"}],"wp:attachment":[{"href":"https:\/\/seafarers.ca\/fr\/wp-json\/wp\/v2\/media?parent=17497"}],"wp:term":[{"taxonomy":"category","embeddable":true,"href":"https:\/\/seafarers.ca\/fr\/wp-json\/wp\/v2\/categories?post=17497"},{"taxonomy":"post_tag","embeddable":true,"href":"https:\/\/seafarers.ca\/fr\/wp-json\/wp\/v2\/tags?post=17497"}],"curies":[{"name":"wp","href":"https:\/\/api.w.org\/{rel}","templated":true}]}}