{"id":17975,"date":"2025-04-09T13:00:15","date_gmt":"2025-04-09T17:00:15","guid":{"rendered":"https:\/\/seafarers.ca\/?p=17975"},"modified":"2025-04-09T08:35:31","modified_gmt":"2025-04-09T12:35:31","slug":"a-la-memoire-du-leecliffe-hall-et-des-membres-du-simc-disparus","status":"publish","type":"post","link":"https:\/\/seafarers.ca\/fr\/a-la-memoire-du-leecliffe-hall-et-des-membres-du-simc-disparus\/","title":{"rendered":"\u00c0 la m\u00e9moire du Leecliffe Hall et des membres du SIMC disparus"},"content":{"rendered":"<p>Voil\u00e0 soixante ans, le 5\u00a0septembre 1964, le vraquier canadien Leecliffe Hall sombrait dans le fleuve Saint-Laurent suite \u00e0 une tragique collision pr\u00e8s de Cap-aux-Oies, au Qu\u00e9bec. L&rsquo;accident a co\u00fbt\u00e9 la vie \u00e0 trois marins courageux, tous membres du Syndicat international des marins canadiens (SIMC) : Guy Descheneaux (second m\u00e9canicien), Micha\u00ebl Modrak (chef cuisinier) et Jean-Louis Desjardins (timonier).<\/p>\n<p>Cette trag\u00e9die a marqu\u00e9 durablement la communaut\u00e9 maritime canadienne et rappelle avec solennit\u00e9 les risques que les marins courent chaque jour sur leur lieu de travail.<\/p>\n<h3><strong>Les \u00e9v\u00e9nements tragiques du 5 septembre 1964<\/strong><\/h3>\n<p><a href=\"https:\/\/seafarers.ca\/wp-content\/uploads\/2025\/04\/Leecliffe-Hall-ii-Welland-JK1.png\"><img loading=\"lazy\" decoding=\"async\" class=\"alignnone wp-image-17951\" src=\"https:\/\/seafarers.ca\/wp-content\/uploads\/2025\/04\/Leecliffe-Hall-ii-Welland-JK1.png\" alt=\"\" width=\"350\" height=\"232\" srcset=\"https:\/\/seafarers.ca\/wp-content\/uploads\/2025\/04\/Leecliffe-Hall-ii-Welland-JK1.png 1024w, https:\/\/seafarers.ca\/wp-content\/uploads\/2025\/04\/Leecliffe-Hall-ii-Welland-JK1-300x199.png 300w, https:\/\/seafarers.ca\/wp-content\/uploads\/2025\/04\/Leecliffe-Hall-ii-Welland-JK1-768x509.png 768w\" sizes=\"auto, (max-width: 350px) 100vw, 350px\" \/><\/a> <a href=\"https:\/\/seafarers.ca\/wp-content\/uploads\/2025\/04\/leecliffe-hall-apollonia.jpg\"><img loading=\"lazy\" decoding=\"async\" class=\"alignnone wp-image-17953\" src=\"https:\/\/seafarers.ca\/wp-content\/uploads\/2025\/04\/leecliffe-hall-apollonia.jpg\" alt=\"\" width=\"338\" height=\"233\" srcset=\"https:\/\/seafarers.ca\/wp-content\/uploads\/2025\/04\/leecliffe-hall-apollonia.jpg 678w, https:\/\/seafarers.ca\/wp-content\/uploads\/2025\/04\/leecliffe-hall-apollonia-300x207.jpg 300w\" sizes=\"auto, (max-width: 338px) 100vw, 338px\" \/><\/a><\/p>\n<p>Le Leecliffe Hall, propri\u00e9t\u00e9 de Hall Corporation de Montr\u00e9al, \u00e9tait un vraquier de 730 pieds \u00e0 la fine pointe de la technologie, construit en 1961 pour naviguer sur les Grands Lacs et la Voie maritime du Saint-Laurent. Au moment de l&rsquo;accident, le navire faisait route de Sept-\u00celes (Qu\u00e9bec) \u00e0 Lackawanna (New York), transportant plus de 24 000 tonnes de minerai de fer.<\/p>\n<p>Alors qu&rsquo;il naviguait sur le Saint-Laurent dans un brouillard \u00e9pais, le Leecliffe Hall est entr\u00e9 en collision avec le cargo grec Apollonia. Malgr\u00e9 les efforts d\u00e9sesp\u00e9r\u00e9s de l&rsquo;\u00e9quipage et une tentative de sauvetage par des navires proches, dont le remorqueur Foundation Vibert, les d\u00e9g\u00e2ts \u00e9taient trop importants. Le navire a commenc\u00e9 \u00e0 \u00eatre inond\u00e9 et a fini par couler peu apr\u00e8s 22 heures, entra\u00eenant dans sa chute un canot de sauvetage dans lequel se trouvaient trois membres d\u2019\u00e9quipage qui retournaient vers le navire. C&rsquo;est trois hommes avaient \u00e9t\u00e9 \u00e9vacu\u00e9s en toute s\u00e9curit\u00e9 plus t\u00f4t, mais sont retourn\u00e9s de leur plein gr\u00e9 pour participer aux op\u00e9rations de sauvetage.<\/p>\n<p><strong>Trois membres de SIMC \u2013 Descheneaux, Modrak et Desjardins \u2013 ont p\u00e9ri dans le naufrage.<\/strong><\/p>\n<p>Par la suite, une enqu\u00eate officielle a r\u00e9v\u00e9l\u00e9 que les deux navires naviguaient \u00e0 des vitesses dangereuses par mauvaise visibilit\u00e9 et qu&rsquo;ils n&rsquo;utilisaient pas pleinement les outils de navigation \u00e0 leur disposition. Cependant, les efforts de l&rsquo;\u00e9quipage du Leecliffe Hall, de l&rsquo;Apollonia et du Foundation Vibert ont \u00e9t\u00e9 salu\u00e9s pour avoir tent\u00e9 de sauver des vies et le navire lui-m\u00eame.<\/p>\n<h3><strong>Un hommage de la part de la famille Desjardins<\/strong><\/h3>\n<p>Pour marquer le <strong>60e anniversaire<\/strong> de cet \u00e9v\u00e9nement tragique, qui a eu lieu le 5 septembre 2024, <strong>la famille de Jean-Louis Desjardins<\/strong> a partag\u00e9 ce message comm\u00e9moratif et de gratitude.<\/p>\n<p><em>Il y a 60 ans, le Leecliffe Hall disparaissait dans les eaux du fleuve Saint-Laurent, emportant avec lui trois marins courageux : Guy Descheneaux, Micha\u00ebl Modrak, et notre p\u00e8re, Jean-Louis Desjardins. Ce tragique \u00e9v\u00e9nement a laiss\u00e9 une empreinte ind\u00e9l\u00e9bile dans nos c\u0153urs, marquant \u00e0 jamais la vie de nos familles et de tous ceux qui ont \u00e9t\u00e9 touch\u00e9s par cette catastrophe.<\/em><\/p>\n<p><strong><em>Une m\u00e9moire toujours vivante<\/em><\/strong><em><br \/>\nAujourd&rsquo;hui, en ce soixanti\u00e8me anniversaire, nous souhaitons exprimer notre profonde gratitude envers toutes les personnes qui ont contribu\u00e9 \u00e0 la pr\u00e9servation de la m\u00e9moire de ces hommes et \u00e0 une meilleure compr\u00e9hension de ce drame maritime. Vos efforts pour raconter cette histoire et honorer la m\u00e9moire de nos proches n&rsquo;ont pas seulement gard\u00e9 vivant leur souvenir, mais ont \u00e9galement apport\u00e9 r\u00e9confort et soutien \u00e0 nos familles.<\/em><\/p>\n<p><strong><em>Reconnaissance envers nos alli\u00e9s <\/em><\/strong><\/p>\n<ul>\n<li><strong><em>Hubert Desgagn\u00e9s : <\/em><\/strong><em>Nous adressons un remerciement particulier \u00e0 M. Hubert Desgagn\u00e9s, dont l&rsquo;article marquant les 50 ans du naufrage a \u00e9t\u00e9 le point de d\u00e9part de nos \u00e9changes. Gr\u00e2ce \u00e0 votre travail minutieux et \u00e0 votre passion pour l\u2019histoire maritime, nous avons pu reconstituer les \u00e9v\u00e9nements de cette nuit fatidique et rendre hommage \u00e0 ceux qui ont p\u00e9ri.<\/em><\/li>\n<li><strong><em>Mus\u00e9e Maritime de Charlevoix : <\/em><\/strong><em>Un autre remerciement va au Mus\u00e9e Maritime de Charlevoix, qui a jou\u00e9 un r\u00f4le central dans la comm\u00e9moration de cette trag\u00e9die. Les c\u00e9r\u00e9monies organis\u00e9es en 2017 et 2019 en m\u00e9moire des disparus ont \u00e9t\u00e9 des moments significatifs pour nos familles. Ces initiatives ont non seulement honor\u00e9 la m\u00e9moire des marins, mais elles ont aussi permis de renforcer les liens entre les familles unies dans le souvenir.<\/em><\/li>\n<li><strong><em>\u00c9quipe de plong\u00e9e de S\u00e9bastien Pelletier : <\/em><\/strong><em>Nous tenons \u00e9galement \u00e0 remercier l\u2019\u00e9quipe de plongeurs dirig\u00e9e par M. S\u00e9bastien Pelletier, qui a accompli l\u2019exploit de remonter la plaque et la cloche du Leecliffe Hall. Ces artefacts, d\u00e9sormais expos\u00e9s au Mus\u00e9e Maritime de Saint-Joseph-de-la-Rive, sont des symboles puissants de la trag\u00e9die et du courage de ceux qui ont tent\u00e9 de sauver le navire ce jour-l\u00e0.<\/em><\/li>\n<li><strong><em>Syndicat international des marins canadiens : <\/em><\/strong><em>Nous souhaitons aussi exprimer notre gratitude envers M. Charles-\u00c9tienne Aubry et le Syndicat International des Marins Canadiens, qui, en 2017, ont financ\u00e9 et install\u00e9 un monument en l\u2019honneur des d\u00e9funts. En 2024, nous sommes honor\u00e9s de pouvoir utiliser cette magnifique tribune pour perp\u00e9tuer leur m\u00e9moire.<\/em><\/li>\n<\/ul>\n<p><em>Alors que nous nous recueillons en ce jour de souvenir, nous gardons en m\u00e9moire le sacrifice de ces marins et leur d\u00e9vouement. Leur histoire continue de vivre \u00e0 travers nos r\u00e9cits, nos comm\u00e9morations, et les efforts de tous ceux qui, comme vous, \u0153uvrent \u00e0 pr\u00e9server notre patrimoine maritime. <\/em><\/p>\n<p><strong><em>Notre engagement num\u00e9rique <\/em><\/strong><em><br \/>\nNotre famille a \u00e9galement cr\u00e9\u00e9 une pr\u00e9sence num\u00e9rique p\u00e9renne \u00e0 la m\u00e9moire de notre p\u00e8re, Jean-Louis Desjardins. Vous pouvez visiter la page <\/em><a href=\"https:\/\/www.facebook.com\/jean.louis.desjardins.2024\/\"><em>https:\/\/www.facebook.com\/jean.louis.desjardins.2024\/<\/em><\/a><em>, qui contient des articles de journaux, des photos de famille et l&rsquo;histoire compl\u00e8te du naufrage \u00e9crite par Hubert Desgagn\u00e9s.<\/em><\/p>\n<p><em>\u00c0 tous ceux qui ont contribu\u00e9 \u00e0 cette mission de m\u00e9moire, nous vous adressons un merci du fond du c\u0153ur. Votre soutien, votre engagement et votre compassion ont \u00e9t\u00e9 des phares lumineux dans cette mer de douleur et de souvenirs.<br \/>\nAvec affection,<br \/>\nLine, Ren\u00e9e, and Jasmine Desjardins<\/em><\/p>\n<figure id=\"attachment_17963\" aria-describedby=\"caption-attachment-17963\" style=\"width: 480px\" class=\"wp-caption alignnone\"><a href=\"https:\/\/seafarers.ca\/wp-content\/uploads\/2025\/04\/leecliffe-hall-desjardins-family.png\"><img loading=\"lazy\" decoding=\"async\" class=\"wp-image-17963\" src=\"https:\/\/seafarers.ca\/wp-content\/uploads\/2025\/04\/leecliffe-hall-desjardins-family.png\" alt=\"\" width=\"480\" height=\"464\" srcset=\"https:\/\/seafarers.ca\/wp-content\/uploads\/2025\/04\/leecliffe-hall-desjardins-family.png 480w, https:\/\/seafarers.ca\/wp-content\/uploads\/2025\/04\/leecliffe-hall-desjardins-family-300x290.png 300w\" sizes=\"auto, (max-width: 480px) 100vw, 480px\" \/><\/a><figcaption id=\"caption-attachment-17963\" class=\"wp-caption-text\">In memoriam &#8211; Jean-Louis Desjardins (33), Fran\u00e7oise Marquis (33)<br \/>Line (10), Ren\u00e9e (9), Jasmine (3)<\/figcaption><\/figure>\n<h3><strong>Continuer \u00e0 honorer leur m\u00e9moire<\/strong><\/h3>\n<p>En plus des efforts de comm\u00e9moration en 2017 et 2019, le Leecliffe Hall a \u00e9t\u00e9 revisit\u00e9 par des \u00e9quipes de plongeurs et \u00e9voqu\u00e9 par des historiens, des journalistes et des familles. Le monument cr\u00e9\u00e9 en 2017 avec le soutien du SIMC sert de m\u00e9morial permanent aux vies perdues et au d\u00e9vouement des marins canadiens.<\/p>\n<p>Alors que nous contemplons cet anniversaire r\u00e9cemment pass\u00e9, le SIMC renouvelle son engagement \u00e0 se souvenir de nos membres d\u00e9c\u00e9d\u00e9s, \u00e0 soutenir leurs familles et \u00e0 travailler pour assurer la s\u00e9curit\u00e9 de tous les marins qui naviguent en eaux canadiennes.<\/p>\n<p>Nous n&rsquo;oublierons jamais Guy Descheneaux, Micha\u00ebl Modrak et Jean-Louis Desjardins, trois fr\u00e8res syndiqu\u00e9s qui ont tout donn\u00e9 dans le cadre de leur travail.<\/p>\n<figure id=\"attachment_17957\" aria-describedby=\"caption-attachment-17957\" style=\"width: 404px\" class=\"wp-caption alignnone\"><a href=\"https:\/\/seafarers.ca\/wp-content\/uploads\/2025\/04\/Leecliffe-Hall-Memorial.png\"><img loading=\"lazy\" decoding=\"async\" class=\"wp-image-17957\" src=\"https:\/\/seafarers.ca\/wp-content\/uploads\/2025\/04\/Leecliffe-Hall-Memorial.png\" alt=\"\" width=\"404\" height=\"539\" srcset=\"https:\/\/seafarers.ca\/wp-content\/uploads\/2025\/04\/Leecliffe-Hall-Memorial.png 1075w, https:\/\/seafarers.ca\/wp-content\/uploads\/2025\/04\/Leecliffe-Hall-Memorial-225x300.png 225w, https:\/\/seafarers.ca\/wp-content\/uploads\/2025\/04\/Leecliffe-Hall-Memorial-768x1024.png 768w\" sizes=\"auto, (max-width: 404px) 100vw, 404px\" \/><\/a><figcaption id=\"caption-attachment-17957\" class=\"wp-caption-text\">En 2017, le SIMC a financ\u00e9 et install\u00e9 un monument \u00e0 la m\u00e9moire du d\u00e9funt.<\/figcaption><\/figure>\n","protected":false},"excerpt":{"rendered":"<p>Voil\u00e0 soixante ans, le 5\u00a0septembre 1964, le vraquier canadien Leecliffe Hall sombrait dans le fleuve Saint-Laurent suite \u00e0 une tragique collision pr\u00e8s de Cap-aux-Oies, au Qu\u00e9bec. L&rsquo;accident a co\u00fbt\u00e9 la vie \u00e0 trois marins courageux, tous membres du Syndicat international des marins canadiens (SIMC) : Guy Descheneaux (second m\u00e9canicien), Micha\u00ebl Modrak (chef cuisinier) et Jean-Louis [&hellip;]<\/p>\n","protected":false},"author":28,"featured_media":0,"comment_status":"closed","ping_status":"closed","sticky":false,"template":"","format":"standard","meta":{"_acf_changed":false,"footnotes":""},"categories":[28],"tags":[],"class_list":["post-17975","post","type-post","status-publish","format-standard","hentry","category-actualites-evenements"],"acf":[],"yoast_head":"<!-- This site is optimized with the Yoast SEO plugin v27.4 - https:\/\/yoast.com\/product\/yoast-seo-wordpress\/ -->\n<title>\u00c0 la m\u00e9moire du Leecliffe Hall et des membres du SIMC disparus - www.Seafarers.ca<\/title>\n<meta name=\"robots\" content=\"index, follow, max-snippet:-1, max-image-preview:large, max-video-preview:-1\" \/>\n<link rel=\"canonical\" href=\"https:\/\/seafarers.ca\/?p=17947\" \/>\n<meta property=\"og:locale\" content=\"fr_CA\" \/>\n<meta property=\"og:type\" content=\"article\" \/>\n<meta property=\"og:title\" content=\"\u00c0 la m\u00e9moire du Leecliffe Hall et des membres du SIMC disparus\" \/>\n<meta property=\"og:description\" content=\"Voil\u00e0 soixante ans, le 5\u00a0septembre 1964, le vraquier canadien Leecliffe Hall sombrait dans le fleuve Saint-Laurent suite \u00e0 une tragique collision pr\u00e8s de Cap-aux-Oies, au Qu\u00e9bec. L&#039;accident a co\u00fbt\u00e9 la vie \u00e0 trois marins courageux, tous membres du Syndicat international des marins canadiens (SIMC) : Guy Descheneaux (second m\u00e9canicien), Micha\u00ebl Modrak (chef cuisinier) et Jean-Louis Desjardins (timonier).\" \/>\n<meta property=\"og:url\" content=\"https:\/\/seafarers.ca\/?p=17947\" \/>\n<meta property=\"og:site_name\" content=\"www.Seafarers.ca\" \/>\n<meta property=\"article:published_time\" content=\"2025-04-09T17:00:15+00:00\" \/>\n<meta property=\"og:image\" content=\"https:\/\/seafarers.ca\/wp-content\/uploads\/2025\/04\/Remembering-the-Leecliffe-Hall-and-the-SIU-Canada-Members-Who-Were-Lost-1-1024x614.png\" \/>\n\t<meta property=\"og:image:width\" content=\"1024\" \/>\n\t<meta property=\"og:image:height\" content=\"614\" \/>\n\t<meta property=\"og:image:type\" content=\"image\/png\" \/>\n<meta name=\"author\" content=\"SFadmin\" \/>\n<meta name=\"twitter:card\" content=\"summary_large_image\" \/>\n<meta name=\"twitter:title\" content=\"\u00c0 la m\u00e9moire du Leecliffe Hall et des membres du SIMC disparus\" \/>\n<meta name=\"twitter:description\" content=\"Voil\u00e0 soixante ans, le 5\u00a0septembre 1964, le vraquier canadien Leecliffe Hall sombrait dans le fleuve Saint-Laurent suite \u00e0 une tragique collision pr\u00e8s de Cap-aux-Oies, au Qu\u00e9bec. L&#039;accident a co\u00fbt\u00e9 la vie \u00e0 trois marins courageux, tous membres du Syndicat international des marins canadiens (SIMC) : Guy Descheneaux (second m\u00e9canicien), Micha\u00ebl Modrak (chef cuisinier) et Jean-Louis Desjardins (timonier).\" \/>\n<meta name=\"twitter:image\" content=\"https:\/\/seafarers.ca\/wp-content\/uploads\/2025\/04\/Remembering-the-Leecliffe-Hall-and-the-SIU-Canada-Members-Who-Were-Lost-1.png\" \/>\n<meta name=\"twitter:label1\" content=\"\u00c9crit par\" \/>\n\t<meta name=\"twitter:data1\" content=\"SFadmin\" \/>\n\t<meta name=\"twitter:label2\" content=\"Estimation du temps de lecture\" \/>\n\t<meta name=\"twitter:data2\" content=\"6 minutes\" \/>\n<script type=\"application\/ld+json\" class=\"yoast-schema-graph\">{\"@context\":\"https:\\\/\\\/schema.org\",\"@graph\":[{\"@type\":\"Article\",\"@id\":\"https:\\\/\\\/seafarers.ca\\\/?p=17947#article\",\"isPartOf\":{\"@id\":\"https:\\\/\\\/seafarers.ca\\\/?p=17947\"},\"author\":{\"name\":\"SFadmin\",\"@id\":\"https:\\\/\\\/seafarers.ca\\\/#\\\/schema\\\/person\\\/45fa29e4878fea3b0c7e9d6d21031ce1\"},\"headline\":\"\u00c0 la m\u00e9moire du Leecliffe Hall et des membres du SIMC disparus\",\"datePublished\":\"2025-04-09T17:00:15+00:00\",\"mainEntityOfPage\":{\"@id\":\"https:\\\/\\\/seafarers.ca\\\/?p=17947\"},\"wordCount\":1144,\"image\":{\"@id\":\"https:\\\/\\\/seafarers.ca\\\/?p=17947#primaryimage\"},\"thumbnailUrl\":\"https:\\\/\\\/seafarers.ca\\\/wp-content\\\/uploads\\\/2025\\\/04\\\/Leecliffe-Hall-ii-Welland-JK1.png\",\"articleSection\":[\"Nouvelles &amp; \u00e9v\u00e9nements\"],\"inLanguage\":\"fr-CA\"},{\"@type\":\"WebPage\",\"@id\":\"https:\\\/\\\/seafarers.ca\\\/?p=17947\",\"url\":\"https:\\\/\\\/seafarers.ca\\\/?p=17947\",\"name\":\"\u00c0 la m\u00e9moire du Leecliffe Hall et des membres du SIMC disparus - www.Seafarers.ca\",\"isPartOf\":{\"@id\":\"https:\\\/\\\/seafarers.ca\\\/#website\"},\"primaryImageOfPage\":{\"@id\":\"https:\\\/\\\/seafarers.ca\\\/?p=17947#primaryimage\"},\"image\":{\"@id\":\"https:\\\/\\\/seafarers.ca\\\/?p=17947#primaryimage\"},\"thumbnailUrl\":\"https:\\\/\\\/seafarers.ca\\\/wp-content\\\/uploads\\\/2025\\\/04\\\/Leecliffe-Hall-ii-Welland-JK1.png\",\"datePublished\":\"2025-04-09T17:00:15+00:00\",\"author\":{\"@id\":\"https:\\\/\\\/seafarers.ca\\\/#\\\/schema\\\/person\\\/45fa29e4878fea3b0c7e9d6d21031ce1\"},\"breadcrumb\":{\"@id\":\"https:\\\/\\\/seafarers.ca\\\/?p=17947#breadcrumb\"},\"inLanguage\":\"fr-CA\",\"potentialAction\":[{\"@type\":\"ReadAction\",\"target\":[\"https:\\\/\\\/seafarers.ca\\\/?p=17947\"]}]},{\"@type\":\"ImageObject\",\"inLanguage\":\"fr-CA\",\"@id\":\"https:\\\/\\\/seafarers.ca\\\/?p=17947#primaryimage\",\"url\":\"https:\\\/\\\/seafarers.ca\\\/wp-content\\\/uploads\\\/2025\\\/04\\\/Leecliffe-Hall-ii-Welland-JK1.png\",\"contentUrl\":\"https:\\\/\\\/seafarers.ca\\\/wp-content\\\/uploads\\\/2025\\\/04\\\/Leecliffe-Hall-ii-Welland-JK1.png\"},{\"@type\":\"BreadcrumbList\",\"@id\":\"https:\\\/\\\/seafarers.ca\\\/?p=17947#breadcrumb\",\"itemListElement\":[{\"@type\":\"ListItem\",\"position\":1,\"name\":\"Home\",\"item\":\"https:\\\/\\\/seafarers.ca\\\/fr\\\/\"},{\"@type\":\"ListItem\",\"position\":2,\"name\":\"\u00c0 la m\u00e9moire du Leecliffe Hall et des membres du SIMC disparus\"}]},{\"@type\":\"WebSite\",\"@id\":\"https:\\\/\\\/seafarers.ca\\\/#website\",\"url\":\"https:\\\/\\\/seafarers.ca\\\/\",\"name\":\"www.Seafarers.ca\",\"description\":\"Syndicat International des Marins Canadiens\",\"potentialAction\":[{\"@type\":\"SearchAction\",\"target\":{\"@type\":\"EntryPoint\",\"urlTemplate\":\"https:\\\/\\\/seafarers.ca\\\/?s={search_term_string}\"},\"query-input\":{\"@type\":\"PropertyValueSpecification\",\"valueRequired\":true,\"valueName\":\"search_term_string\"}}],\"inLanguage\":\"fr-CA\"},{\"@type\":\"Person\",\"@id\":\"https:\\\/\\\/seafarers.ca\\\/#\\\/schema\\\/person\\\/45fa29e4878fea3b0c7e9d6d21031ce1\",\"name\":\"SFadmin\",\"image\":{\"@type\":\"ImageObject\",\"inLanguage\":\"fr-CA\",\"@id\":\"https:\\\/\\\/secure.gravatar.com\\\/avatar\\\/3a26fc19e9d82385ff4f85e2e2763841f79cdad306e100d09589b1d718717a4e?s=96&r=g\",\"url\":\"https:\\\/\\\/secure.gravatar.com\\\/avatar\\\/3a26fc19e9d82385ff4f85e2e2763841f79cdad306e100d09589b1d718717a4e?s=96&r=g\",\"contentUrl\":\"https:\\\/\\\/secure.gravatar.com\\\/avatar\\\/3a26fc19e9d82385ff4f85e2e2763841f79cdad306e100d09589b1d718717a4e?s=96&r=g\",\"caption\":\"SFadmin\"},\"url\":\"https:\\\/\\\/seafarers.ca\\\/fr\\\/author\\\/sfadmin\\\/\"}]}<\/script>\n<!-- \/ Yoast SEO plugin. -->","yoast_head_json":{"title":"\u00c0 la m\u00e9moire du Leecliffe Hall et des membres du SIMC disparus - www.Seafarers.ca","robots":{"index":"index","follow":"follow","max-snippet":"max-snippet:-1","max-image-preview":"max-image-preview:large","max-video-preview":"max-video-preview:-1"},"canonical":"https:\/\/seafarers.ca\/?p=17947","og_locale":"fr_CA","og_type":"article","og_title":"\u00c0 la m\u00e9moire du Leecliffe Hall et des membres du SIMC disparus","og_description":"Voil\u00e0 soixante ans, le 5\u00a0septembre 1964, le vraquier canadien Leecliffe Hall sombrait dans le fleuve Saint-Laurent suite \u00e0 une tragique collision pr\u00e8s de Cap-aux-Oies, au Qu\u00e9bec. L'accident a co\u00fbt\u00e9 la vie \u00e0 trois marins courageux, tous membres du Syndicat international des marins canadiens (SIMC) : Guy Descheneaux (second m\u00e9canicien), Micha\u00ebl Modrak (chef cuisinier) et Jean-Louis Desjardins (timonier).","og_url":"https:\/\/seafarers.ca\/?p=17947","og_site_name":"www.Seafarers.ca","article_published_time":"2025-04-09T17:00:15+00:00","og_image":[{"width":1024,"height":614,"url":"https:\/\/seafarers.ca\/wp-content\/uploads\/2025\/04\/Remembering-the-Leecliffe-Hall-and-the-SIU-Canada-Members-Who-Were-Lost-1-1024x614.png","type":"image\/png"}],"author":"SFadmin","twitter_card":"summary_large_image","twitter_title":"\u00c0 la m\u00e9moire du Leecliffe Hall et des membres du SIMC disparus","twitter_description":"Voil\u00e0 soixante ans, le 5\u00a0septembre 1964, le vraquier canadien Leecliffe Hall sombrait dans le fleuve Saint-Laurent suite \u00e0 une tragique collision pr\u00e8s de Cap-aux-Oies, au Qu\u00e9bec. L'accident a co\u00fbt\u00e9 la vie \u00e0 trois marins courageux, tous membres du Syndicat international des marins canadiens (SIMC) : Guy Descheneaux (second m\u00e9canicien), Micha\u00ebl Modrak (chef cuisinier) et Jean-Louis Desjardins (timonier).","twitter_image":"https:\/\/seafarers.ca\/wp-content\/uploads\/2025\/04\/Remembering-the-Leecliffe-Hall-and-the-SIU-Canada-Members-Who-Were-Lost-1.png","twitter_misc":{"\u00c9crit par":"SFadmin","Estimation du temps de lecture":"6 minutes"},"schema":{"@context":"https:\/\/schema.org","@graph":[{"@type":"Article","@id":"https:\/\/seafarers.ca\/?p=17947#article","isPartOf":{"@id":"https:\/\/seafarers.ca\/?p=17947"},"author":{"name":"SFadmin","@id":"https:\/\/seafarers.ca\/#\/schema\/person\/45fa29e4878fea3b0c7e9d6d21031ce1"},"headline":"\u00c0 la m\u00e9moire du Leecliffe Hall et des membres du SIMC disparus","datePublished":"2025-04-09T17:00:15+00:00","mainEntityOfPage":{"@id":"https:\/\/seafarers.ca\/?p=17947"},"wordCount":1144,"image":{"@id":"https:\/\/seafarers.ca\/?p=17947#primaryimage"},"thumbnailUrl":"https:\/\/seafarers.ca\/wp-content\/uploads\/2025\/04\/Leecliffe-Hall-ii-Welland-JK1.png","articleSection":["Nouvelles &amp; \u00e9v\u00e9nements"],"inLanguage":"fr-CA"},{"@type":"WebPage","@id":"https:\/\/seafarers.ca\/?p=17947","url":"https:\/\/seafarers.ca\/?p=17947","name":"\u00c0 la m\u00e9moire du Leecliffe Hall et des membres du SIMC disparus - www.Seafarers.ca","isPartOf":{"@id":"https:\/\/seafarers.ca\/#website"},"primaryImageOfPage":{"@id":"https:\/\/seafarers.ca\/?p=17947#primaryimage"},"image":{"@id":"https:\/\/seafarers.ca\/?p=17947#primaryimage"},"thumbnailUrl":"https:\/\/seafarers.ca\/wp-content\/uploads\/2025\/04\/Leecliffe-Hall-ii-Welland-JK1.png","datePublished":"2025-04-09T17:00:15+00:00","author":{"@id":"https:\/\/seafarers.ca\/#\/schema\/person\/45fa29e4878fea3b0c7e9d6d21031ce1"},"breadcrumb":{"@id":"https:\/\/seafarers.ca\/?p=17947#breadcrumb"},"inLanguage":"fr-CA","potentialAction":[{"@type":"ReadAction","target":["https:\/\/seafarers.ca\/?p=17947"]}]},{"@type":"ImageObject","inLanguage":"fr-CA","@id":"https:\/\/seafarers.ca\/?p=17947#primaryimage","url":"https:\/\/seafarers.ca\/wp-content\/uploads\/2025\/04\/Leecliffe-Hall-ii-Welland-JK1.png","contentUrl":"https:\/\/seafarers.ca\/wp-content\/uploads\/2025\/04\/Leecliffe-Hall-ii-Welland-JK1.png"},{"@type":"BreadcrumbList","@id":"https:\/\/seafarers.ca\/?p=17947#breadcrumb","itemListElement":[{"@type":"ListItem","position":1,"name":"Home","item":"https:\/\/seafarers.ca\/fr\/"},{"@type":"ListItem","position":2,"name":"\u00c0 la m\u00e9moire du Leecliffe Hall et des membres du SIMC disparus"}]},{"@type":"WebSite","@id":"https:\/\/seafarers.ca\/#website","url":"https:\/\/seafarers.ca\/","name":"www.Seafarers.ca","description":"Syndicat International des Marins Canadiens","potentialAction":[{"@type":"SearchAction","target":{"@type":"EntryPoint","urlTemplate":"https:\/\/seafarers.ca\/?s={search_term_string}"},"query-input":{"@type":"PropertyValueSpecification","valueRequired":true,"valueName":"search_term_string"}}],"inLanguage":"fr-CA"},{"@type":"Person","@id":"https:\/\/seafarers.ca\/#\/schema\/person\/45fa29e4878fea3b0c7e9d6d21031ce1","name":"SFadmin","image":{"@type":"ImageObject","inLanguage":"fr-CA","@id":"https:\/\/secure.gravatar.com\/avatar\/3a26fc19e9d82385ff4f85e2e2763841f79cdad306e100d09589b1d718717a4e?s=96&r=g","url":"https:\/\/secure.gravatar.com\/avatar\/3a26fc19e9d82385ff4f85e2e2763841f79cdad306e100d09589b1d718717a4e?s=96&r=g","contentUrl":"https:\/\/secure.gravatar.com\/avatar\/3a26fc19e9d82385ff4f85e2e2763841f79cdad306e100d09589b1d718717a4e?s=96&r=g","caption":"SFadmin"},"url":"https:\/\/seafarers.ca\/fr\/author\/sfadmin\/"}]}},"_links":{"self":[{"href":"https:\/\/seafarers.ca\/fr\/wp-json\/wp\/v2\/posts\/17975","targetHints":{"allow":["GET"]}}],"collection":[{"href":"https:\/\/seafarers.ca\/fr\/wp-json\/wp\/v2\/posts"}],"about":[{"href":"https:\/\/seafarers.ca\/fr\/wp-json\/wp\/v2\/types\/post"}],"author":[{"embeddable":true,"href":"https:\/\/seafarers.ca\/fr\/wp-json\/wp\/v2\/users\/28"}],"replies":[{"embeddable":true,"href":"https:\/\/seafarers.ca\/fr\/wp-json\/wp\/v2\/comments?post=17975"}],"version-history":[{"count":4,"href":"https:\/\/seafarers.ca\/fr\/wp-json\/wp\/v2\/posts\/17975\/revisions"}],"predecessor-version":[{"id":17981,"href":"https:\/\/seafarers.ca\/fr\/wp-json\/wp\/v2\/posts\/17975\/revisions\/17981"}],"wp:attachment":[{"href":"https:\/\/seafarers.ca\/fr\/wp-json\/wp\/v2\/media?parent=17975"}],"wp:term":[{"taxonomy":"category","embeddable":true,"href":"https:\/\/seafarers.ca\/fr\/wp-json\/wp\/v2\/categories?post=17975"},{"taxonomy":"post_tag","embeddable":true,"href":"https:\/\/seafarers.ca\/fr\/wp-json\/wp\/v2\/tags?post=17975"}],"curies":[{"name":"wp","href":"https:\/\/api.w.org\/{rel}","templated":true}]}}